{"id":17774,"date":"1998-10-18T18:05:03","date_gmt":"1998-10-18T16:05:03","guid":{"rendered":"http:\/\/www.vincenzopaglia.it\/?p=17774"},"modified":"2013-07-18T18:31:29","modified_gmt":"2013-07-18T16:31:29","slug":"credi-nella-resurrezione-2","status":"publish","type":"post","link":"https:\/\/www.vincenzopaglia.it\/index.php\/credi-nella-resurrezione-2.html","title":{"rendered":"Credi nella resurrezione?"},"content":{"rendered":"<p>Abbiamo chiesto ad alcuni personaggi del mondo della cultura, dello sport e dello spettacolo che cosa significhi per i credenti che Cristo \u00e8 risorto, o per i lontani quale provocazione pu\u00f2 suscitare una simile vicenda?<\/p>\n<p><em>di\u00a0<strong>Andrea De Biagi<\/strong><\/em><\/p>\n<p><span style=\"font-family: Verdana, Arial, Helvetica, sans-serif;\">\u00c8 pi\u00f9 facile o \u00e8 pi\u00f9 difficile oggi cogliere il messaggio della Pasqua? Che cosa ha da dire all&#8217;uomo, alle soglie del terzo millennio, il Cristo, con la sua morte e la sua risurrezione? Sono\u00a0domande che in qualche modo interpellano tutti, credenti e non, perch\u00e9 il messaggio sotteso a quello che per i cattolici \u00e8 il momento culminante dell&#8217;anno liturgico \u00e8 anche una provocazione straordinaria per l&#8217;uomo,\u00a0qualunque sia la sua esperienza. Ma perch\u00e9 oggi, in un generalizzato\u00a0ritorno di interesse ai fatti religiosi, proprio il messaggio pasquale\u00a0sembra essere quello che pi\u00f9 inquieta? &#8216;Probabilmente perch\u00e9 ci troviamo\u00a0alla fine di un secolo tra i pi\u00f9 tragici della storia\u00a0&#8211; risponde monsignor Vincenzo Paglia, assistente ecclesiastico della Comunit\u00e0 di Sant&#8217;Egidio\u00a0&#8211; segnato come non mai dalla morte, dalla tragedia, dalla disumanit\u00e0. Un\u00a0mondo, quindi, che ha particolarmente bisogno della Pasqua, cio\u00e8 di un\u00a0passaggio&#8217;.<\/span><\/p>\n<p align=\"justify\"><span style=\"color: black; font-family: Verdana, Arial, Helvetica, sans-serif;\"><strong>Vincenzo Paglia<\/strong><\/span><\/p>\n<p align=\"justify\"><span style=\"font-family: Verdana, Arial, Helvetica, sans-serif;\">Ecco, allora, che \u00e8 passaggio la\u00a0\u00a0prima parola-chiave che s&#8217;incontra volendo indagare sul senso del mistero pasquale oggi; un passaggio, continua monsignor Paglia, &#8216;verso un mondo\u00a0nuovo, dove vengono superati l&#8217;egoismo, l&#8217;individualismo, il\u00a0soggettivismo: tutto ci\u00f2 Cristo l&#8217;ha crocifisso con s\u00e9. \u00c8 sintomatico &#8211; aggiunge &#8211; che l&#8217;invito rivolto a Ges\u00f9 ai piedi della croce fu: &#8216;Salva te\u00a0stesso&#8217;. Sulla croce \u00e8 stato crocifisso l&#8217;amore per se stessi. La\u00a0\u00a0risurrezione comincia da l\u00ec, perch\u00e9 Ges\u00f9 \u00e8 morto per salvare tutti e tutti\u00a0siamo invitati a partecipare a questo amore che ha vinto la morte e che d\u00e0\u00a0vita&#8217;. Ci\u00f2 che colpisce di pi\u00f9 l&#8217;uomo \u00e8 il paradosso dell&#8217;unione tra la\u00a0croce e la risurrezione. Un paradosso che per\u00f2 apre alla speranza, seconda\u00a0parola-guida di questa ricerca. &#8216;Cristo\u00a0&#8211; spiega ancora monsignor Paglia &#8211; con la sua morte e risurrezione dischiude al mondo una possibilit\u00e0 nuova;\u00a0\u00e8 la luce che sconfigge la notte, che rid\u00e0 all&#8217;uomo la possibilit\u00e0 di\u00a0rialzare lo sguardo per guardare al futuro in una prospettiva meno\u00a0angosciante. In questo senso la Pasqua \u00e8 universale. In essa c&#8217;\u00e8 un&#8217;attesa ignota, senza nome, ma che \u00e8 l&#8217;attesa dell&#8217;Algeria martoriata dagli \u00a0\u00a0\u00a0\u00a0\u00a0 eccidi, dei curdi senza patria, dei milioni di uomini che muoiono di fame,\u00a0della gente disperata, degli anziani, dei malati&#8217;.<\/span><\/p>\n<p><em><a href=\"http:\/\/www.messaggerosantantonio.it\/messaggero\/pagina_articolo.asp?IDX=541IDRX=45\"><strong>dal Messaggero di Sant&#8217;Antonio<\/strong><\/a><\/em><\/p>\n","protected":false},"excerpt":{"rendered":"<p>Abbiamo chiesto ad alcuni personaggi del mondo della cultura, dello sport e dello spettacolo che cosa significhi per i credenti che Cristo \u00e8 risorto, o per i lontani quale provocazione pu\u00f2 suscitare una simile vicenda? di\u00a0Andrea De Biagi \u00c8 pi\u00f9 facile o \u00e8 pi\u00f9 difficile oggi cogliere il messaggio della Pasqua? Che cosa ha da [&hellip;]<\/p>\n","protected":false},"author":2,"featured_media":17775,"comment_status":"open","ping_status":"open","sticky":false,"template":"","format":"standard","meta":{"footnotes":""},"categories":[11],"tags":[],"class_list":["post-17774","post","type-post","status-publish","format-standard","has-post-thumbnail","hentry","category-interviste"],"jetpack_featured_media_url":"https:\/\/www.vincenzopaglia.it\/wp-content\/uploads\/2013\/07\/testata_02_03_04.gif","_links":{"self":[{"href":"https:\/\/www.vincenzopaglia.it\/index.php\/wp-json\/wp\/v2\/posts\/17774","targetHints":{"allow":["GET"]}}],"collection":[{"href":"https:\/\/www.vincenzopaglia.it\/index.php\/wp-json\/wp\/v2\/posts"}],"about":[{"href":"https:\/\/www.vincenzopaglia.it\/index.php\/wp-json\/wp\/v2\/types\/post"}],"author":[{"embeddable":true,"href":"https:\/\/www.vincenzopaglia.it\/index.php\/wp-json\/wp\/v2\/users\/2"}],"replies":[{"embeddable":true,"href":"https:\/\/www.vincenzopaglia.it\/index.php\/wp-json\/wp\/v2\/comments?post=17774"}],"version-history":[{"count":0,"href":"https:\/\/www.vincenzopaglia.it\/index.php\/wp-json\/wp\/v2\/posts\/17774\/revisions"}],"wp:featuredmedia":[{"embeddable":true,"href":"https:\/\/www.vincenzopaglia.it\/index.php\/wp-json\/wp\/v2\/media\/17775"}],"wp:attachment":[{"href":"https:\/\/www.vincenzopaglia.it\/index.php\/wp-json\/wp\/v2\/media?parent=17774"}],"wp:term":[{"taxonomy":"category","embeddable":true,"href":"https:\/\/www.vincenzopaglia.it\/index.php\/wp-json\/wp\/v2\/categories?post=17774"},{"taxonomy":"post_tag","embeddable":true,"href":"https:\/\/www.vincenzopaglia.it\/index.php\/wp-json\/wp\/v2\/tags?post=17774"}],"curies":[{"name":"wp","href":"https:\/\/api.w.org\/{rel}","templated":true}]}}