{"id":17659,"date":"2013-07-16T13:49:32","date_gmt":"2013-07-16T11:49:32","guid":{"rendered":"http:\/\/www.vincenzopaglia.it\/?p=17659"},"modified":"2013-07-16T13:49:32","modified_gmt":"2013-07-16T11:49:32","slug":"camminando-sulle-orme-dellesodo-un-libro-illustrato-avvicina-la-bibbia-ai-piu-piccoli","status":"publish","type":"post","link":"https:\/\/www.vincenzopaglia.it\/index.php\/camminando-sulle-orme-dellesodo-un-libro-illustrato-avvicina-la-bibbia-ai-piu-piccoli.html","title":{"rendered":"&#8220;Camminando sulle orme dell&#8217;Esodo&#8221;: un libro illustrato avvicina la Bibbia ai pi\u00f9 piccoli"},"content":{"rendered":"<p><img loading=\"lazy\" decoding=\"async\" src=\"http:\/\/it.radiovaticana.va\/global_images\/x.gif\" alt=\"\" width=\"470\" height=\"5\" border=\"0\" \/><br \/>\nLa Parola di Dio \u00e8 un libro da vivere, non un museo\u201d: cos\u00ec, mons. Vincenzo Paglia, presidente del Pontificio Consiglio per la Famiglia, riassume il significato del libro \u201cCamminando sulle orme dell\u2019Esodo\u201d, volume illustrato da Gianfranco Versiglioni, che si propone di avvicinare anche i pi\u00f9 piccoli a queste pagine fondamentali dell\u2019Antico Testamento. Dell\u2019iniziativa ci parla <strong>Davide Maggiore<\/strong>: <span style=\"text-decoration: underline;\"><a href=\"http:\/\/media01.radiovaticana.va\/audio\/ra\/00379159.RM\"><img decoding=\"async\" src=\"http:\/\/it.radiovaticana.va\/global_images\/ra_icon.gif\" alt=\"RealAudio\" border=\"0\" \/><\/a><a href=\"http:\/\/media01.radiovaticana.va\/audiomp3\/00379159.MP3\"><img decoding=\"async\" src=\"http:\/\/it.radiovaticana.va\/global_images\/mp3_icon.gif\" alt=\"MP3\" border=\"0\" \/><\/a> <\/span><strong><a href=\"http:\/\/www.vincenzopaglia.it\/wp-content\/uploads\/2013\/07\/00379159.mp3\">ascolta<\/a><\/strong><\/p>\n<p>\u201cLa Bibbia \u00e8 scritta per tutti\u201d, ricorda mons. Paglia, e con questo spirito le illustrazioni che ci conducono \u201csui passi dell\u2019Esodo\u201d ripercorrono le vicende del popolo di Dio. L\u2019insediamento in Egitto, Mos\u00e8 salvato dalle acque, la celebrazione della Pasqua, il passaggio del Mar Rosso: la rappresentazione di ogni episodio \u00e8 accompagnata dal passo biblico a cui si riferisce e da un breve commento. Parlare dell\u2019Esodo a bambini e ragazzi, spiega mons. Vincenzo Paglia, \u00e8 mandare un messaggio a una societ\u00e0 che oggi rischia di diventare sempre pi\u00f9 individualista e chiusa in s\u00e9 stessa. La riflessione del presidente del dicastero per la Famiglia:<\/p>\n<p><strong>&#8220;L\u2019Esodo mostra come il Signore \u00e8 intervenuto nella storia degli uomini scegliendosi questo popolo piccolo e schiavo del grande Egitto di allora, per renderlo testimone della sua misericordia. Poter narrare questo e poterlo narrare con delle immagini che toccano anche l\u2019immaginazione e la comprensione dei ragazzi \u00e8 quanto mai fondamentale, perch\u00e9 la fede va trasmessa fin dai primi anni della nostra vita&#8221;.<br \/>\n<\/strong><br \/>\nTestimoniare la fede ai bambini, renderla accessibile anche a loro, \u00e8 un compito importante per i genitori. I libri, dunque, possono essere strumenti preziosi per un\u2019evangelizzazione che inizia grazie ai familiari. Ancora mons. Paglia:<\/p>\n<p><strong>&#8220;Io vorrei &#8211; proprio perch\u00e9 si tratta del libro dell\u2019Esodo \u2013 riallacciarmi alla tradizione ebraica. Ancora oggi nella notte di Pasqua il bambino chiede al padre: &#8216;Ma perch\u00e9 noi facciamo memoria di questo?&#8217; ed il padre inizia esattamente a raccontare l\u2019Esodo. In questo senso, questo libro si ricollega a questa tradizione ebraica del figlio che chiede al padre, \u00e8 il genitore che racconta ai figli le ragioni profonde che ci spingono ad affidarci a Dio, continuamente presente in mezzo a noi, in una storia lunga, durata 40 anni dalla schiavit\u00f9 fino alla Terra Promessa. Poi \u00e8 continuata ancora e continua ancora oggi!&#8221;.<\/strong><strong><\/strong><\/p>\n<div>Testo proveniente dalla pagina <a href=\"http:\/\/it.radiovaticana.va\/news\/2013\/06\/29\/camminando_sulle_orme_dellesodo,_un_libro_illustrato_avvicina_l\/it1-705773\">http:\/\/it.radiovaticana.va\/news\/2013\/06\/29\/camminando_sulle_orme_dellesodo,_un_libro_illustrato_avvicina_l\/it1-705773<\/a><br \/>\ndel sito Radio Vaticana<\/div>\n","protected":false},"excerpt":{"rendered":"<p>La Parola di Dio \u00e8 un libro da vivere, non un museo\u201d: cos\u00ec, mons. Vincenzo Paglia, presidente del Pontificio Consiglio per la Famiglia, riassume il significato del libro \u201cCamminando sulle orme dell\u2019Esodo\u201d, volume illustrato da Gianfranco Versiglioni, che si propone di avvicinare anche i pi\u00f9 piccoli a queste pagine fondamentali dell\u2019Antico Testamento. Dell\u2019iniziativa ci parla [&hellip;]<\/p>\n","protected":false},"author":2,"featured_media":17660,"comment_status":"open","ping_status":"open","sticky":false,"template":"","format":"standard","meta":{"footnotes":""},"categories":[11],"tags":[],"class_list":["post-17659","post","type-post","status-publish","format-standard","has-post-thumbnail","hentry","category-interviste"],"jetpack_featured_media_url":"https:\/\/www.vincenzopaglia.it\/wp-content\/uploads\/2013\/07\/1_0_705773.jpg","_links":{"self":[{"href":"https:\/\/www.vincenzopaglia.it\/index.php\/wp-json\/wp\/v2\/posts\/17659","targetHints":{"allow":["GET"]}}],"collection":[{"href":"https:\/\/www.vincenzopaglia.it\/index.php\/wp-json\/wp\/v2\/posts"}],"about":[{"href":"https:\/\/www.vincenzopaglia.it\/index.php\/wp-json\/wp\/v2\/types\/post"}],"author":[{"embeddable":true,"href":"https:\/\/www.vincenzopaglia.it\/index.php\/wp-json\/wp\/v2\/users\/2"}],"replies":[{"embeddable":true,"href":"https:\/\/www.vincenzopaglia.it\/index.php\/wp-json\/wp\/v2\/comments?post=17659"}],"version-history":[{"count":0,"href":"https:\/\/www.vincenzopaglia.it\/index.php\/wp-json\/wp\/v2\/posts\/17659\/revisions"}],"wp:featuredmedia":[{"embeddable":true,"href":"https:\/\/www.vincenzopaglia.it\/index.php\/wp-json\/wp\/v2\/media\/17660"}],"wp:attachment":[{"href":"https:\/\/www.vincenzopaglia.it\/index.php\/wp-json\/wp\/v2\/media?parent=17659"}],"wp:term":[{"taxonomy":"category","embeddable":true,"href":"https:\/\/www.vincenzopaglia.it\/index.php\/wp-json\/wp\/v2\/categories?post=17659"},{"taxonomy":"post_tag","embeddable":true,"href":"https:\/\/www.vincenzopaglia.it\/index.php\/wp-json\/wp\/v2\/tags?post=17659"}],"curies":[{"name":"wp","href":"https:\/\/api.w.org\/{rel}","templated":true}]}}