{"id":17414,"date":"2000-04-16T23:32:04","date_gmt":"2000-04-16T21:32:04","guid":{"rendered":"http:\/\/www.vincenzopaglia.it\/?p=17414"},"modified":"2013-07-18T18:02:17","modified_gmt":"2013-07-18T16:02:17","slug":"ascoltero-il-mio-popolo","status":"publish","type":"post","link":"https:\/\/www.vincenzopaglia.it\/index.php\/ascoltero-il-mio-popolo.html","title":{"rendered":"&#8220;Ascolter\u00f2 il mio popolo&#8221;"},"content":{"rendered":"<p>di<strong> Ciro Miele<\/strong> e <strong>Arnaldo Casali<\/strong><\/p>\n<p><strong>Con quali sentimenti ha accolto la nomina a vescovo di Terni Narni Amelia?<\/strong><\/p>\n<p>&#8220;Con sentimenti molti misti, di per un verso di sorpresa, per l&#8217;altro di gioia, di passione per annunciare il vangelo ovunque; direi che l&#8217;ho sentita come una chiamata alla quale senza alcun dubbio ho risposto, proprio perch\u00e9 era una chiamata che veniva dal mio vescovo, il papa Giovanni Paolo&#8221;.<\/p>\n<p><strong>Quali sono i suoi modelli come vescovo, come cristiano, come uomo?<\/strong><\/p>\n<p>&#8220;I nomi sono certamente tanti, ma un vescovo che mi sta particolarmente a cuore e davanti agli occhi \u00e8 Gregorio Magno, vescovo di Roma in un tempo difficile, appassionato della Scrittura, appassionato per la sua gente, per la sua citt\u00e0.<\/p>\n<p>Come cristiano direi Francesco d&#8217;Assisi. Da sempre l&#8217;ho visto come un discepolo del Vangelo per tutti i tempi. Da quando sono arrivato a Trastevere &#8211; dove lui veniva a stare quando veniva a Roma &#8211; \u00e8 stato sempre un punto di riferimento, non solo per la mia vita spirituale ma anche pastorale, e venendo in Umbria in qualche modo torno a casa di Francesco e quindi resta non solo un esempio, ma ancor pi\u00f9 un fratello al quale voglio stare vicino&#8221;.<\/p>\n<p><strong>Da Roma a Terni, da parroco a vescovo. Quanto \u00e8 importante per Lei che si accinge a guidare una diocesi, l\u2019esperienza di Santa Maria in Trastevere? Quali sono stati i momenti pi\u00f9 belli e quelli pi\u00f9 difficili che ha vissuto in questa parrocchia?<\/strong><\/p>\n<p>&#8220;La vita di un parroco \u00e8 sempre una vita bella, affascinate, con momenti belli e momenti difficili, ma \u00e8 una vita che vale sempre la pena di essere vissuta e io l\u2019ho vissuta con grande entusiasmo. Trastevere era un quartiere antico, con una tradizione molto lunga; era il quartiere del porto, con tutte le contraddizioni di un porto: la grande ricchezza, la variet\u00e0 delle esperienze, ma anche le difficolt\u00e0.<\/p>\n<p>I momenti pi\u00f9 difficili li ricordo proprio all&#8217;inizio quando proprio davanti alla Basilica fu ucciso un ragazzo che aveva fatto uno scippo. Quello fu un momento piuttosto delicato e importante che per\u00f2 ricordo con grande emozione, quando tutti ci radunammo nella Basilica per pregare e per cercare di rendere la Chiesa pi\u00f9 vicina alla vita della gente. In un certo modo, quindi, il passaggio da parroco a vescovo, certo \u00e8 una cosa tutta diversa ma poi in fondo tutta uguale perch\u00e9 quel conta \u00e8 la passione dell\u2019annuncio del Vangelo e stare vicino alla propria gente&#8221;.<\/p>\n<p><strong>Ci parli della sua amicizia col Papa. E&#8217; vero che \u00e8 stato lui stesso a comunicarle la nomina a vescovo?<\/strong><\/p>\n<p>&#8220;Il Papa \u00e8 stato ed \u00e8 il vescovo della mia Diocesi. Io sono un prete romano. Ho vissuto la vita di Roma in tutte le sue componenti: religiose, culturali, sociali e quindi anche diocesane. L&#8217;amicizia con il papa, che per me \u00e8 un grande privilegio, io la sento come l&#8217;amicizia con un grande vescovo, con un uomo, con un sacerdote, con un papa che ha cambiato la vita della Chiesa e per certi versi anche la vita del mondo&#8221;.<\/p>\n<p><strong>Cosa rappresenta per lei l&#8217;impegno nella Comunit\u00e0 di Sant&#8217;Egidio e come intende continuare a viverla?<\/strong><\/p>\n<p>&#8220;L&#8217;impegno nella Comunit\u00e0 di Sant\u2019Egidio \u00e8 un legame spirituale, umano che fa parte della mia vita. Sono legami che ovviamente non terminano. Lo spirito della Comunit\u00e0 lo porto dentro, ed \u00e8 uno spirito, direi, semplicemente evangelico, che vuol dire la preghiera, l&#8217;ascoltare la scrittura, l&#8217;amicizia, il servizio ai pi\u00f9 poveri, ai pi\u00f9 deboli, e penso che queste dimensioni della mia vita continuer\u00f2 a viverle anche a Terni, Narni e Amelia e ovunque andr\u00f2&#8221;.<\/p>\n<p><strong>L&#8217;incontro del Papa con i capi delle religioni ad Assisi nel 1986, la scuola popolare, la mediazione durante la guerra nel Kosovo, la lotta per l\u2019abolizione della pena di morte in tutto il mondo. Quale di queste esperienze l&#8217;ha segnata maggiormente?<\/strong><\/p>\n<p>&#8220;Mi hanno segnato tutte queste esperienze. Quella di Assisi certamente ha avuto un impatto nella mia vita piuttosto consistente perch\u00e9 era come partire da Assisi per aprirsi al mondo intero, e quindi questo fa capire quanto scendendo nel profondo del Vangelo si giunge sino ai confini del mondo. Quest&#8217;esperienza di Assisi, di un amore senza confini che parte dal cuore del Vangelo e tocca tutti i cristiani, tutte le religioni ma anche tutti gli uomini di buona volont\u00e0 mi pare un tesoro da conservare e anzi da propagare, potremmo dire, quello del papa che amava lo spirito di Assisi. Ed \u00e8 proprio questo spirito che spinge, ovviamente, ad aiutare tutti i popoli che hanno bisogno di pace oppure tutte le persone che hanno bisogno di vita. In questo senso, quindi, anche le altre esperienze sono come una conseguenza di questa passione evangelica&#8221;.<\/p>\n<p><strong>Quali sono le prime cose che far\u00e0 da vescovo?<\/strong><\/p>\n<p><strong><\/strong><br \/>\n&#8220;Come ho scritto nelle prime parole con cui mi sono rivolto alla Diocesi, con l&#8217;espressione di monsignor Romero, la prima cosa che far\u00f2 sar\u00e0 \u201cascoltare il mio popolo\u201d.<\/p>\n<p><a href=\"http:\/\/www.reteblu.org\/adesso\/pezzi\/SPECIALE%20PAGLIA\/INDICE%20PAGLIA.html\">da <strong>Adesso<\/strong> n.16 &#8211; CHI E&#8217; DON VINCENZO PAGLIA &#8211; aprile 2000<br \/>\n<\/a><\/p>\n","protected":false},"excerpt":{"rendered":"<p>di Ciro Miele e Arnaldo Casali Con quali sentimenti ha accolto la nomina a vescovo di Terni Narni Amelia? &#8220;Con sentimenti molti misti, di per un verso di sorpresa, per l&#8217;altro di gioia, di passione per annunciare il vangelo ovunque; direi che l&#8217;ho sentita come una chiamata alla quale senza alcun dubbio ho risposto, proprio [&hellip;]<\/p>\n","protected":false},"author":2,"featured_media":17769,"comment_status":"open","ping_status":"open","sticky":false,"template":"","format":"standard","meta":{"footnotes":""},"categories":[11],"tags":[],"class_list":["post-17414","post","type-post","status-publish","format-standard","has-post-thumbnail","hentry","category-interviste"],"jetpack_featured_media_url":"https:\/\/www.vincenzopaglia.it\/wp-content\/uploads\/2001\/05\/PagliaRe.jpg","_links":{"self":[{"href":"https:\/\/www.vincenzopaglia.it\/index.php\/wp-json\/wp\/v2\/posts\/17414","targetHints":{"allow":["GET"]}}],"collection":[{"href":"https:\/\/www.vincenzopaglia.it\/index.php\/wp-json\/wp\/v2\/posts"}],"about":[{"href":"https:\/\/www.vincenzopaglia.it\/index.php\/wp-json\/wp\/v2\/types\/post"}],"author":[{"embeddable":true,"href":"https:\/\/www.vincenzopaglia.it\/index.php\/wp-json\/wp\/v2\/users\/2"}],"replies":[{"embeddable":true,"href":"https:\/\/www.vincenzopaglia.it\/index.php\/wp-json\/wp\/v2\/comments?post=17414"}],"version-history":[{"count":0,"href":"https:\/\/www.vincenzopaglia.it\/index.php\/wp-json\/wp\/v2\/posts\/17414\/revisions"}],"wp:featuredmedia":[{"embeddable":true,"href":"https:\/\/www.vincenzopaglia.it\/index.php\/wp-json\/wp\/v2\/media\/17769"}],"wp:attachment":[{"href":"https:\/\/www.vincenzopaglia.it\/index.php\/wp-json\/wp\/v2\/media?parent=17414"}],"wp:term":[{"taxonomy":"category","embeddable":true,"href":"https:\/\/www.vincenzopaglia.it\/index.php\/wp-json\/wp\/v2\/categories?post=17414"},{"taxonomy":"post_tag","embeddable":true,"href":"https:\/\/www.vincenzopaglia.it\/index.php\/wp-json\/wp\/v2\/tags?post=17414"}],"curies":[{"name":"wp","href":"https:\/\/api.w.org\/{rel}","templated":true}]}}