{"id":17408,"date":"2002-08-16T23:28:17","date_gmt":"2002-08-16T21:28:17","guid":{"rendered":"http:\/\/www.vincenzopaglia.it\/?p=17408"},"modified":"2013-07-18T15:48:12","modified_gmt":"2013-07-18T13:48:12","slug":"intervista-a-vincenzo-paglia","status":"publish","type":"post","link":"https:\/\/www.vincenzopaglia.it\/index.php\/intervista-a-vincenzo-paglia.html","title":{"rendered":"La Giornata Mondiale della Giovent\u00f9 di Toronto"},"content":{"rendered":"<p>di<strong> Arnaldo Casali<\/strong><\/p>\n<p>Lei \u00e8 alla sua seconda GMG come Vescovo. Quale \u00e8 il tema che i giovani di tutto il mondo hanno affrontato insieme quest\u2019anno?<\/p>\n<p>\u201cIl tema \u00e8 basato sul vangelo di Matteo \u201cvoi siete il sale della terra, voi siete la luce del mondo\u201d e continua le tematiche che il Papa lancia nel mondo giovanile come a delineare quale \u00e8 la vocazione della Chiesa e dei giovani in particolare. All\u2019inizio di questo millennio dire ai giovani \u201cvoi siete il sale della terra\u201d \u00e8 una chiamata ma anche una sfida. In un mondo in cui la vita \u00e8 sempre pi\u00f9 scipita e la luce sempre pi\u00f9 fioca, coloro che hanno prospettive pi\u00f9 lunghe devono riflettere molto sul senso stesso della loro vita e della missione. Dopo l\u201911 settembre ognuno rischia di rinchiudersi in s\u00e9 stesso, sia personalmente che nella famiglia o nel proprio paese. Questa frase evangelica ci dice invece con chiarezza che non si vive per s\u00e9. Il sale serve a rendere saporito il cibo. La luce serve ad illuminare. Quindi trovo particolarmente significativo che la prima GMG del nuovo millennio richiami i giovani alla grande, affascinante e terribile responsabilit\u00e0 di rendere la vita pi\u00f9 saporita e il cammino pi\u00f9 luminoso\u201d.<\/p>\n<p><strong>Che significato assume l\u2019incontro tra un Papa sempre pi\u00f9 anziano e malato con i giovani?<\/strong><\/p>\n<p>\u201cIn questa alleanza vedo una prospettiva per il futuro: quello che dobbiamo individuare, anzi, disegnare \u00e8 il legame tra queste due generazioni per costruire un mondo nuovo. Bisogna costruire un futuro nuovo nel rapporto tra la maggioranza della popolazione, che \u00e8 anziana, e coloro che si affacciano alla vita. Davvero il futuro di Terni e dell\u2019Umbria, come dell\u2019Italia e dell\u2019Europa, \u00e8 in questa capacit\u00e0 di legarsi tra generazioni che sono certamente diverse, ma forse proprio per questo, hanno bisogno di trovare forme di dialogo e collaborazione per costruire una societ\u00e0 che sia davvero una societ\u00e0 pi\u00f9 umana, dove queste sponde estreme riescono a forzare quell\u2019individualismo che rischia di soffocare la vita di tutti\u201d.<\/p>\n<p><strong>Come due anni fa a Roma lei ha tenuto delle catechesi. Di cosa ha parlato ai giovani italiani a Toronto?<\/strong><\/p>\n<p>\u201cL\u2019argomento \u00e8 l\u2019energia che scaturisce dalla parola di Dio e l\u2019Eucarestia per creare un mondo nuovo. L\u2019energia per cambiare il mondo e la storia non risiede naturalmente nei giovani. Basti pensare alla spinta all\u2019autodistruzione della tossicodipendenza o delle stragi del sabato sera. Allora penso sia importante che i giovani riscoprano la forza del Vangelo, la forza di un\u2019utopia che \u2013 come il Papa ha scritto nel suo messaggio \u2013\u201cvi consentir\u00e0 di confortare le persone che soffrono e di portare la pace al mondo. Sono tante le persone ferite dalla vita, escluse dallo sviluppo economico, o che si perdono dietro false illusioni e hanno smarrito ogni speranza\u201d. Il Vangelo ci aiuta ad avvicinarci a queste persone, a curarle, sostenerle, anzi direi addirittura a guarirle perch\u00e9 anch\u2019esse possano insieme a noi incamminarsi verso questo nuovo secolo con maggiore speranza. Questo \u00e8 il tema delle catechesi che voglio svolgere tenendo presente che viviamo in una societ\u00e0 delle diversit\u00e0, che per noi credenti diventano un\u2019opportunit\u00e0 per crescere nell\u2019amicizia e nella fraternit\u00e0 tra tutti\u201d.<\/p>\n<p><a href=\"http:\/\/www.reteblu.org\/adesso\/pezzi\/CULTURA\/INTERVISTA%20A%20PAGLIA.html\">(da<strong> AdessOnLine<\/strong> &#8211; agosto 2002)<\/a><\/p>\n","protected":false},"excerpt":{"rendered":"<p>di Arnaldo Casali Lei \u00e8 alla sua seconda GMG come Vescovo. Quale \u00e8 il tema che i giovani di tutto il mondo hanno affrontato insieme quest\u2019anno? \u201cIl tema \u00e8 basato sul vangelo di Matteo \u201cvoi siete il sale della terra, voi siete la luce del mondo\u201d e continua le tematiche che il Papa lancia nel [&hellip;]<\/p>\n","protected":false},"author":2,"featured_media":17696,"comment_status":"open","ping_status":"open","sticky":false,"template":"","format":"standard","meta":{"footnotes":""},"categories":[11],"tags":[],"class_list":["post-17408","post","type-post","status-publish","format-standard","has-post-thumbnail","hentry","category-interviste"],"jetpack_featured_media_url":"https:\/\/www.vincenzopaglia.it\/wp-content\/uploads\/2013\/05\/gmg3.jpg","_links":{"self":[{"href":"https:\/\/www.vincenzopaglia.it\/index.php\/wp-json\/wp\/v2\/posts\/17408","targetHints":{"allow":["GET"]}}],"collection":[{"href":"https:\/\/www.vincenzopaglia.it\/index.php\/wp-json\/wp\/v2\/posts"}],"about":[{"href":"https:\/\/www.vincenzopaglia.it\/index.php\/wp-json\/wp\/v2\/types\/post"}],"author":[{"embeddable":true,"href":"https:\/\/www.vincenzopaglia.it\/index.php\/wp-json\/wp\/v2\/users\/2"}],"replies":[{"embeddable":true,"href":"https:\/\/www.vincenzopaglia.it\/index.php\/wp-json\/wp\/v2\/comments?post=17408"}],"version-history":[{"count":0,"href":"https:\/\/www.vincenzopaglia.it\/index.php\/wp-json\/wp\/v2\/posts\/17408\/revisions"}],"wp:featuredmedia":[{"embeddable":true,"href":"https:\/\/www.vincenzopaglia.it\/index.php\/wp-json\/wp\/v2\/media\/17696"}],"wp:attachment":[{"href":"https:\/\/www.vincenzopaglia.it\/index.php\/wp-json\/wp\/v2\/media?parent=17408"}],"wp:term":[{"taxonomy":"category","embeddable":true,"href":"https:\/\/www.vincenzopaglia.it\/index.php\/wp-json\/wp\/v2\/categories?post=17408"},{"taxonomy":"post_tag","embeddable":true,"href":"https:\/\/www.vincenzopaglia.it\/index.php\/wp-json\/wp\/v2\/tags?post=17408"}],"curies":[{"name":"wp","href":"https:\/\/api.w.org\/{rel}","templated":true}]}}