{"id":15893,"date":"2009-11-15T00:00:00","date_gmt":"2009-11-15T00:00:00","guid":{"rendered":"http:\/\/www.vincenzopaglia.it\/cms\/index.php\/la-dignita-della-differenza.html"},"modified":"2013-05-10T23:48:34","modified_gmt":"2013-05-10T21:48:34","slug":"la-dignita-della-differenza","status":"publish","type":"post","link":"https:\/\/www.vincenzopaglia.it\/index.php\/la-dignita-della-differenza.html","title":{"rendered":"La dignit\u00e0 della differenza"},"content":{"rendered":"<p><P class=MsoNormal style=\"MARGIN: 0cm 0cm 0pt; TEXT-ALIGN: justify\"><br \/>\n<P class=MsoNormal style=\"MARGIN: 0cm 0cm 0pt; TEXT-ALIGN: justify\"><\/P>Se tutte le sfide del nostro tempo sono importanti, la questione della immigrazione e della&nbsp; integrazione mi appare una di quelle centrali. E\u2019 intorno a questo problema che desidero perci\u00f2 fare alcune considerazioni.<br \/>\n<P class=MsoNormal style=\"MARGIN: 0cm 0cm 0pt; TEXT-ALIGN: justify\">&nbsp;<\/P><br \/>\n<P class=MsoNormal style=\"MARGIN: 0cm 0cm 0pt; TEXT-ALIGN: justify\">In Italia gli stranieri ormai superano i tre milioni, di cui circa 600.000 minori; in Umbria gli studenti con cittadinanza non italiana nei diversi ordini di scuola sono (secondo i dati del passato anno scolastico) 14.794 e costituiscono una percentuale sul totale degli iscritti del 13,01% nella Provincia di&nbsp; Perugia e del 10,45 % in quella di Terni. E rispetto alle rilevazioni degli anni precedenti si registra un tasso di crescita costante. <\/P><br \/>\n<P class=MsoNormal style=\"MARGIN: 0cm 0cm 0pt; TEXT-ALIGN: justify\">I primi tre paesi di provenienza di alunni stranieri in Umbria sono Albania, Romania (a Terni prevale la Romania), Marocco le cui presenze in totale costituiscono il 56,04 % di tutti gli alunni stranieri, come ci riferisce la indagine recentemente svolta dall\u2019Ufficio Scolastico Regionale dell\u2019Umbria. <\/P><br \/>\n<P class=MsoNormal style=\"MARGIN: 0cm 0cm 0pt; TEXT-ALIGN: justify\">Certamente gli immigrati aiutano a non far diminuire la popolazione italiana e ringiovaniscono il paese. Il Sole 24 Ore ha stimato dai dati dell\u2019Istat che dal 1993 al 2006 se non ci fossero stati gli stranieri la popolazione italiana sarebbe diminuita di 650.000 abitanti.<\/P><br \/>\n<P class=MsoNormal style=\"MARGIN: 0cm 0cm 0pt; TEXT-ALIGN: justify\">Gli immigrati con il loro lavoro contribuiscono anche a far crescere il prodotto interno lordo dell\u2019Italia. L\u2019integrazione economica si sta facendo strada a rapidi passi.<\/P><br \/>\n<P class=MsoNormal style=\"MARGIN: 0cm 0cm 0pt; TEXT-ALIGN: justify\">&nbsp;<\/P><br \/>\n<P class=MsoNormal style=\"MARGIN: 0cm 0cm 0pt; TEXT-ALIGN: justify\">A questa integrazione economica, per\u00f2, non si affianca ancora una soddisfacente integrazione nella vita ordinaria. Vivere insieme tra gente di cultura e di fede diversa non \u00e8 facile. Ma questo non \u00e8 vero solo con gli stranieri. Le frontiere che separano i diversi, prima che essere scritte fuori di noi, sono dentro ciascuno di noi. Sono queste frontiere interne che impediscono l\u2019integrazione e generano quindi conflittualit\u00e0. <\/P><br \/>\n<P class=MsoNormal style=\"MARGIN: 0cm 0cm 0pt; TEXT-ALIGN: justify\">&nbsp;<\/P><br \/>\n<P class=MsoNormal style=\"MARGIN: 0cm 0cm 0pt; TEXT-ALIGN: justify\">E se la conflittualit\u00e0 \u00e8 cresciuta essa non riguarda solo gli immigrati. I fatti di cronaca ci parlano ogni giorno di episodi di violenza causata da insofferenze dovute anche a cause futili. E\u2019 scorretto far pesare sulla diversit\u00e0 etnica una violenza che ha origini da un disagio ben pi\u00f9 profondo e ampio.<\/P><br \/>\n<P class=MsoNormal style=\"MARGIN: 0cm 0cm 0pt; TEXT-ALIGN: justify\">&nbsp;<\/P><br \/>\n<P class=MsoNormal style=\"MARGIN: 0cm 0cm 0pt; TEXT-ALIGN: justify\">In ogni caso \u00e8 urgente favorire in ogni modo una civilt\u00e0 del convivere. Averne coscienza \u00e8 l\u2019inizio di una <\/p>\n","protected":false},"excerpt":{"rendered":"<p>Se tutte le sfide del nostro tempo sono importanti, la questione della immigrazione e della&nbsp; integrazione mi appare una di quelle centrali. E\u2019 intorno a questo problema che desidero perci\u00f2 fare alcune considerazioni. &nbsp; In Italia gli stranieri ormai superano i tre milioni, di cui circa 600.000 minori; in Umbria gli studenti con cittadinanza non [&hellip;]<\/p>\n","protected":false},"author":2,"featured_media":15894,"comment_status":"closed","ping_status":"closed","sticky":false,"template":"","format":"standard","meta":{"footnotes":""},"categories":[3],"tags":[],"class_list":["post-15893","post","type-post","status-publish","format-standard","has-post-thumbnail","hentry","category-interventi"],"jetpack_featured_media_url":"https:\/\/www.vincenzopaglia.it\/wp-content\/uploads\/2010\/01\/4148752748_b50832a60a1.jpg","_links":{"self":[{"href":"https:\/\/www.vincenzopaglia.it\/index.php\/wp-json\/wp\/v2\/posts\/15893","targetHints":{"allow":["GET"]}}],"collection":[{"href":"https:\/\/www.vincenzopaglia.it\/index.php\/wp-json\/wp\/v2\/posts"}],"about":[{"href":"https:\/\/www.vincenzopaglia.it\/index.php\/wp-json\/wp\/v2\/types\/post"}],"author":[{"embeddable":true,"href":"https:\/\/www.vincenzopaglia.it\/index.php\/wp-json\/wp\/v2\/users\/2"}],"replies":[{"embeddable":true,"href":"https:\/\/www.vincenzopaglia.it\/index.php\/wp-json\/wp\/v2\/comments?post=15893"}],"version-history":[{"count":0,"href":"https:\/\/www.vincenzopaglia.it\/index.php\/wp-json\/wp\/v2\/posts\/15893\/revisions"}],"wp:featuredmedia":[{"embeddable":true,"href":"https:\/\/www.vincenzopaglia.it\/index.php\/wp-json\/wp\/v2\/media\/15894"}],"wp:attachment":[{"href":"https:\/\/www.vincenzopaglia.it\/index.php\/wp-json\/wp\/v2\/media?parent=15893"}],"wp:term":[{"taxonomy":"category","embeddable":true,"href":"https:\/\/www.vincenzopaglia.it\/index.php\/wp-json\/wp\/v2\/categories?post=15893"},{"taxonomy":"post_tag","embeddable":true,"href":"https:\/\/www.vincenzopaglia.it\/index.php\/wp-json\/wp\/v2\/tags?post=15893"}],"curies":[{"name":"wp","href":"https:\/\/api.w.org\/{rel}","templated":true}]}}