{"id":15822,"date":"2005-09-15T00:00:00","date_gmt":"2005-09-14T22:00:00","guid":{"rendered":"http:\/\/www.vincenzopaglia.it\/cms\/index.php\/intervista-di-giovanni-peduto.html"},"modified":"2013-07-18T17:26:34","modified_gmt":"2013-07-18T15:26:34","slug":"intervista-di-giovanni-peduto","status":"publish","type":"post","link":"https:\/\/www.vincenzopaglia.it\/index.php\/intervista-di-giovanni-peduto.html","title":{"rendered":"Quarant&#8217;anni dalla Dei Verbum"},"content":{"rendered":"<p>di<strong> Giovanni Peduto \u00a0 \u00a0 \u00a0<\/strong><\/p>\n<p align=\"justify\">Fra i principali relatori del convegno, che sar\u00e0 accompagnato da una mostra: il cardinale Walter Kasper, il cardinale Carlo Maria Martini e l\u2019arcivescovo di Abuja, John Onaiyekan, ai quali si affiancheranno pi\u00f9 di 50 specialisti di fama internazionale. Tanti i temi che verranno affrontati, dal dialogo ecumenico al problema crescente del fondamentalismo. Ma torniamo all\u2019importanza della Dei Verbum, una delle quattro costituzioni promulgate dal Concilio Vaticano II, con l\u2019intervista di Giovanni Peduto al vescovo Vincenzo Paglia, presidente della Federazione Biblica Cattolica:<\/p>\n<p>&nbsp;<\/p>\n<p align=\"justify\">R. \u2013 Direi che il contenuto principale \u00e8 l\u2019affermazione che la Parola di Dio si \u00e8 avvicinata agli uomini sia attraverso la tradizione, che poi ha assunto anche una forma scritta, che \u00e8 la Sacra Scrittura. Quindi, in questo senso, porre attenzione a questo tesoro che poi confluisce nella Bibbia, questo mi pare un punto fondamentale che porta a soluzione un problema che era piuttosto complesso. Per cui oggi, con la \u201cDei Verbum\u201d, potremmo dire che la Bibbia \u00e8 tornata abbondantemente nelle mani dei fedeli.<\/p>\n<p>&nbsp;<\/p>\n<p align=\"justify\">D. \u2013 Cosa \u00e8 nato in questi 40 anni, grazie a questa Costituzione conciliare? Pensiamo al cammino ecumenico, per esempio \u2026<\/p>\n<p>&nbsp;<\/p>\n<p align=\"justify\">R. \u2013 Non c\u2019\u00e8 dubbio che questo piccolo, forse il pi\u00f9 piccolo, documento del Vaticano II, assieme a quello sulla Liturgia, ha portato gli sconvolgimenti pi\u00f9 belli, diciamo, nella vita della Chiesa. Non solo oggi i cattolici leggono la Bibbia, ma il cammino ecumenico ha trovato nell\u2019incontro di tutti i cristiani nella Scrittura una delle fonti pi\u00f9 importanti per ritrovare quella fraternit\u00e0 e quell\u2019unit\u00e0 che \u00e8 nel fondamento, appunto, dell\u2019impegno dell\u2019ecumenismo.<\/p>\n<p>&nbsp;<\/p>\n<p align=\"justify\">D. \u2013 Primato della Parola di Dio, necessit\u00e0 del Magistero per la sua retta interpretazione, tesoro della tradizione: sono tre elementi che devono andare sempre insieme\u2026<\/p>\n<p>&nbsp;<\/p>\n<p align=\"justify\">R. \u2013 Le rispondo con una frase di Sant\u2019Agostino, bellissima. \u201cLa Bibbia, la si deve leggere sulle ginocchia della Chiesa\u201d. \u00c8 detto tutto. Non \u00e8 possibile separare Bibbia e Chiesa, come non si pu\u00f2 separare la madre da un bambino. In questo senso, la lettura della scrittura deve respirare con tutta la storia della Chiesa, perch\u00e9 lo Spirito continua a parlare. La Bibbia non \u00e8 un libro morto. Gregorio Magno diceva: \u201cLa Scrittura cresce con chi la legge\u201d, cio\u00e8 con la Chiesa.<\/p>\n<p>&nbsp;<\/p>\n<p align=\"justify\">D. \u2013 Oggi i cristiani, a suo parere, in che misura leggono la Bibbia, e qual \u00e8 il suo suggerimento per leggere bene la Bibbia?<\/p>\n<p>&nbsp;<\/p>\n<p align=\"justify\">R. \u2013 Io direi che, se da un verso la Bibbia \u00e8 tornata abbondantemente, il cammino per\u00f2 perch\u00e9 ogni cristiano abbia la sua Bibbia, \u00e8 ancora molto lungo. Io, per esempio, suggerirei che ogni cristiano abbia la sua Bibbia personale, quella che ha a casa sul comodino, ma anche quella che si porta in vacanza. Questo, secondo me, \u00e8 un impegno che ciascuno di noi dovrebbe avere, cos\u00ec come l\u2019ha con l\u2019Eucaristia. Noi cerchiamo di nutrirci abbondantemente con il pane eucaristico; dovremmo fare altrettanto con la Parola di Dio, con la Sacra Scrittura. E non a caso, la \u201cDei Verbum\u201d dice, assieme a tutta la tradizione della Chiesa: \u201cLa Chiesa ha venerato sempre l\u2019Eucaristia e la Sacra Scrittura\u201d.<\/p>\n<p align=\"justify\">da <strong>Internetica<\/strong> del 15 settembre 2005<\/p>\n","protected":false},"excerpt":{"rendered":"<p>di Giovanni Peduto \u00a0 \u00a0 \u00a0 Fra i principali relatori del convegno, che sar\u00e0 accompagnato da una mostra: il cardinale Walter Kasper, il cardinale Carlo Maria Martini e l\u2019arcivescovo di Abuja, John Onaiyekan, ai quali si affiancheranno pi\u00f9 di 50 specialisti di fama internazionale. Tanti i temi che verranno affrontati, dal dialogo ecumenico al problema [&hellip;]<\/p>\n","protected":false},"author":2,"featured_media":15823,"comment_status":"closed","ping_status":"closed","sticky":false,"template":"","format":"standard","meta":{"footnotes":""},"categories":[11],"tags":[],"class_list":["post-15822","post","type-post","status-publish","format-standard","has-post-thumbnail","hentry","category-interviste"],"jetpack_featured_media_url":"https:\/\/www.vincenzopaglia.it\/wp-content\/uploads\/2009\/10\/nav_logo_off1.gif","_links":{"self":[{"href":"https:\/\/www.vincenzopaglia.it\/index.php\/wp-json\/wp\/v2\/posts\/15822","targetHints":{"allow":["GET"]}}],"collection":[{"href":"https:\/\/www.vincenzopaglia.it\/index.php\/wp-json\/wp\/v2\/posts"}],"about":[{"href":"https:\/\/www.vincenzopaglia.it\/index.php\/wp-json\/wp\/v2\/types\/post"}],"author":[{"embeddable":true,"href":"https:\/\/www.vincenzopaglia.it\/index.php\/wp-json\/wp\/v2\/users\/2"}],"replies":[{"embeddable":true,"href":"https:\/\/www.vincenzopaglia.it\/index.php\/wp-json\/wp\/v2\/comments?post=15822"}],"version-history":[{"count":0,"href":"https:\/\/www.vincenzopaglia.it\/index.php\/wp-json\/wp\/v2\/posts\/15822\/revisions"}],"wp:featuredmedia":[{"embeddable":true,"href":"https:\/\/www.vincenzopaglia.it\/index.php\/wp-json\/wp\/v2\/media\/15823"}],"wp:attachment":[{"href":"https:\/\/www.vincenzopaglia.it\/index.php\/wp-json\/wp\/v2\/media?parent=15822"}],"wp:term":[{"taxonomy":"category","embeddable":true,"href":"https:\/\/www.vincenzopaglia.it\/index.php\/wp-json\/wp\/v2\/categories?post=15822"},{"taxonomy":"post_tag","embeddable":true,"href":"https:\/\/www.vincenzopaglia.it\/index.php\/wp-json\/wp\/v2\/tags?post=15822"}],"curies":[{"name":"wp","href":"https:\/\/api.w.org\/{rel}","templated":true}]}}