{"id":15779,"date":"2006-02-07T00:00:00","date_gmt":"2006-02-06T23:00:00","guid":{"rendered":"http:\/\/www.vincenzopaglia.it\/cms\/index.php\/intervista-al-vescovo-paglia.html"},"modified":"2013-07-18T17:17:52","modified_gmt":"2013-07-18T15:17:52","slug":"intervista-al-vescovo-paglia","status":"publish","type":"post","link":"https:\/\/www.vincenzopaglia.it\/index.php\/intervista-al-vescovo-paglia.html","title":{"rendered":"&#8220;Don Andrea Santoro, un uomo appassionato&#8221;"},"content":{"rendered":"<p class=\"MsoNormal\" style=\"margin: 0cm 0cm 0pt;\">di <strong>Arnaldo Casali<\/strong><\/p>\n<p>\u201cLa fede e le religioni possono essere discusse, dibattute, ma non si possono irridere, perch\u00e9 toccano aspetti profondi dell\u2019animo umano che vanno oltre la stessa ragione\u201d.<\/p>\n<p>Di don Andrea Santoro, il sacerdote ucciso domenica nella sua chiesa, in Turchia, monsignor Vincenzo Paglia, vescovo di Terni e presidente della Commissione Cei per il dialogo interreligioso, era amico sin dai tempi del seminario. E con don Andrea, oltre che gli studi a Roma, il vescovo di Terni aveva condiviso l\u2019impegno per la pace e il dialogo tra le culture, i popoli e le religioni.<\/p>\n<p>All\u2019indomani del barbaro e insensato omicidio di don Andrea, monsignor Paglia rende omaggio all\u2019amico di una vita invocandone la canonizzazione, ma allo stesso tempo invitando l\u2019occidente laico ad un esame di coscienza.<\/p>\n<p>\u201cSe si toccano certe corde le tragedie possono esplodere anche da una banalit\u00e0. Quando ero parroco a Trastevere avevo a che fare gente capace di accoltellare una persona perch\u00e9 aveva osato parlare contro la sua mamma. Ci sono cose che non si possono insultare senza scatenare reazioni incontrollate, non \u00e8 certo un caso se la saggezza popolare dice scherza con i fanti ma lascia stare i santi\u201d.<\/p>\n<p><strong>Monsignor Paglia, cosa ha provato quando ha saputo dell\u2019assassinio del suo amico don Andrea Santoro?<\/strong><\/p>\n<p>\u201cUna profondissima tristezza, prima ancora della rabbia. Ho pensato al passo indietro che il mondo e le nostre societ\u00e0 stanno facendo. Poi mi \u00e8 salita nel cuore la riflessione, insieme a tanti ricordi, e cio\u00e8 che solo uomini cos\u00ec rendono il mondo meno crudele facendo capire che l\u2019amore \u00e8 pi\u00f9 forte della morte\u201d.<\/p>\n<p><strong>Come ha conosciuto don Andrea?<\/strong><\/p>\n<p>\u201cL\u2019ho conosciuto in seminario, alla fine degli anni \u201850, quando eravamo adolescenti. E\u2019 stato un compagno di studi, un amico nell\u2019impegno pastorale, con cui ho vissuto tanti anni: il primo impegno che abbiamo condiviso, da preti, \u00e8 stato l\u2019attuazione del Concilio a Roma. Poi lui ha scelto di andare in Turchia per poter testimoniare una nuova energia evangelica proprio dove il cristianesimo \u00e8 nato duemila anni fa\u201d.<\/p>\n<p><strong>Che persona era don Andrea Santoro?<\/strong><\/p>\n<p>\u201cEra un uomo appassionato, degli uomini e di Dio, un uomo che voleva che la testimonianza evangelica fosse verace. Ricordo la passione che avevamo per comunicare il vangelo in una Roma travagliata da problemi enormi. Entrambi lavoravamo in parrocchie di periferia, nelle borgate, e ci scambiavamo spesso le nostre esperienze, coscienti che la Chiesa di oggi deve mostrare il volto umano di Dio o rischia di non trasmettere quell\u2019amore che pure la sostiene\u201d.<\/p>\n<p class=\"MsoNormal\" style=\"margin: 0cm 0cm 0pt;\"><strong>Don Andrea \u00e8 un martire?<\/strong><\/p>\n<p>\u201cCerto, perch\u00e9 ha dato la vita per testimoniare la sua fede a tutti noi, e mi auguro che presto venga iniziato il processo per la dichiarazione di martirio, perch\u00e9 davvero non c\u2019\u00e8 amore pi\u00f9 grande che dare la vita per i propri amici, e tutti quelli che vivono in Turchia &#8211; musulmani, ortodossi ed ebrei &#8211;\u00a0 erano suoi amici, perch\u00e9 il Vangelo non conosce frontiere, ed \u00e8 solo questa testimonianza che potr\u00e0 salvare il mondo dalla barbarie\u201d.<\/p>\n<p><strong>L\u2019omicidio di don Andrea \u00e8 davvero una reazione del fanatismo islamico alle vignette satiriche?<\/strong><\/p>\n<p>\u201cCredo di s\u00ec, perch\u00e9 quando si incendia un clima gi\u00e0 problematico, tutto pu\u00f2 accadere. L\u2019imbarbarimento non accade per caso, accade quando gli animi sono esasperati e in modo irresponsabile si creano situazioni ingestibili\u201d.<\/p>\n<p><strong>Quindi ritiene che l\u2019occidente abbia le sue responsabilit\u00e0 in questa crisi?<\/strong><\/p>\n<p>\u201cLa libert\u00e0 non \u00e8 un randello che va usato come a ciascuno pare.\u00a0 E\u2019 un impegno a promuovere in questo mondo la convivenza, che \u00e8 difficile, perch\u00e9 non \u00e8 naturale, non \u00e8 spontanea. Spesso, poi, si prende a pretesto la religione per battaglie\u00a0 che &#8211; come in questo caso &#8211; religiose non sono. Lo scontro avviene sempre tra incivilt\u00e0, non tra culture tra religioni. E allora dobbiamo estirpare tutte le erbe di incivilt\u00e0 presenti in ogni cultura\u201d.<\/p>\n<p><strong>Avevate mai parlato con don Andrea del suo impegno missionario?<\/strong><\/p>\n<p>\u201cPi\u00f9 volte, anche perch\u00e9 anche io\u00a0 andavo spesso in Turchia. Era consapevole della difficolt\u00e0 di vivere in un paese islamico, soprattutto in questi ultimi tempi, ma ripeteva che l\u2019unica via che abbiamo \u00e8 quella dell\u2019audacia dell\u2019incontro, del dialogo fermo e sereno, da percorrere fino in fondo, anche a costo della vita\u201d.<\/p>\n<p><strong>Crede che ci sia il pericolo di reazioni violente anche nei paesi occidentali, anche in Italia?<\/strong><\/p>\n<p>\u201cDirei che \u00e8 quasi logico aspettarselo. Io mi auguro che prevalga la saggezza, la determinazione a non far crescere queste ondate di violenza che servono solo ad annerire l\u2019orizzonte\u201d.<\/p>\n<p>da<strong> Il Giornale dell&#8217;Umbria\u00a0<\/strong><\/p>\n<p>realizzata in collaborazione con\u00a0\u00a0<em>Sky, Tef, Radio Tna\u00a0<\/em>e\u00a0<em>Diocesi.terni<\/em><br \/>\nfebbraio 2006<\/p>\n<p><strong>L&#8217;ORDINAZIONE DI DON ANDREA SANTORO \u00a0<\/strong><strong>E DON VINCENZO PAGLIA<\/strong><\/p>\n<p><a href=\"http:\/\/www.diocesi.terni.it\/_docs\/_OLD\/PAGLIASANTORO.jpg\">VINCENZO PAGLIA (prete) e ANDREA SANTORO (diacono)<\/a><\/p>\n<p><a href=\"http:\/\/www.diocesi.terni.it\/_docs\/_OLD\/PAGLIASANTORO2.jpg\">VERSO L&#8217;ALTARE<\/a><\/p>\n<p><a href=\"http:\/\/www.diocesi.terni.it\/_docs\/_OLD\/pagliasantoro3.jpg\">DI FRONTE ALL&#8217;ALTARE<\/a><\/p>\n","protected":false},"excerpt":{"rendered":"<p>di Arnaldo Casali \u201cLa fede e le religioni possono essere discusse, dibattute, ma non si possono irridere, perch\u00e9 toccano aspetti profondi dell\u2019animo umano che vanno oltre la stessa ragione\u201d. Di don Andrea Santoro, il sacerdote ucciso domenica nella sua chiesa, in Turchia, monsignor Vincenzo Paglia, vescovo di Terni e presidente della Commissione Cei per il [&hellip;]<\/p>\n","protected":false},"author":2,"featured_media":15780,"comment_status":"closed","ping_status":"closed","sticky":false,"template":"","format":"standard","meta":{"footnotes":""},"categories":[11],"tags":[],"class_list":["post-15779","post","type-post","status-publish","format-standard","has-post-thumbnail","hentry","category-interviste"],"jetpack_featured_media_url":"https:\/\/www.vincenzopaglia.it\/wp-content\/uploads\/2009\/06\/santoroepaglia1.jpg","_links":{"self":[{"href":"https:\/\/www.vincenzopaglia.it\/index.php\/wp-json\/wp\/v2\/posts\/15779","targetHints":{"allow":["GET"]}}],"collection":[{"href":"https:\/\/www.vincenzopaglia.it\/index.php\/wp-json\/wp\/v2\/posts"}],"about":[{"href":"https:\/\/www.vincenzopaglia.it\/index.php\/wp-json\/wp\/v2\/types\/post"}],"author":[{"embeddable":true,"href":"https:\/\/www.vincenzopaglia.it\/index.php\/wp-json\/wp\/v2\/users\/2"}],"replies":[{"embeddable":true,"href":"https:\/\/www.vincenzopaglia.it\/index.php\/wp-json\/wp\/v2\/comments?post=15779"}],"version-history":[{"count":0,"href":"https:\/\/www.vincenzopaglia.it\/index.php\/wp-json\/wp\/v2\/posts\/15779\/revisions"}],"wp:featuredmedia":[{"embeddable":true,"href":"https:\/\/www.vincenzopaglia.it\/index.php\/wp-json\/wp\/v2\/media\/15780"}],"wp:attachment":[{"href":"https:\/\/www.vincenzopaglia.it\/index.php\/wp-json\/wp\/v2\/media?parent=15779"}],"wp:term":[{"taxonomy":"category","embeddable":true,"href":"https:\/\/www.vincenzopaglia.it\/index.php\/wp-json\/wp\/v2\/categories?post=15779"},{"taxonomy":"post_tag","embeddable":true,"href":"https:\/\/www.vincenzopaglia.it\/index.php\/wp-json\/wp\/v2\/tags?post=15779"}],"curies":[{"name":"wp","href":"https:\/\/api.w.org\/{rel}","templated":true}]}}