{"id":15721,"date":"2003-02-02T00:00:00","date_gmt":"2003-02-02T00:00:00","guid":{"rendered":"http:\/\/www.vincenzopaglia.it\/cms\/index.php\/cristiani-e-musulmani.html"},"modified":"2013-05-10T23:48:36","modified_gmt":"2013-05-10T21:48:36","slug":"cristiani-e-musulmani","status":"publish","type":"post","link":"https:\/\/www.vincenzopaglia.it\/index.php\/cristiani-e-musulmani.html","title":{"rendered":"Cristiani e musulmani"},"content":{"rendered":"<p><P><BR>di Emanuele Lombardini<BR><BR>Oltre quattromila stranieri regolari a Terni, di cui la met\u00e0 sono musulmani. Questo dato la preoccupa?<\/P><br \/>\n<P>&#8220;Pi\u00f9 che preoccuparmi mi sento coinvolto nella responsabilit\u00e0 dell&#8217;accoglienza e della testimonianza della nostra fede davanti a tanti cittadini che provengono da una fede e da culture diverse dalla nostra. Quanto ai numeri penso che nel prossimo decennio le persone immigrate provenienti da paesi a maggioranza musulmani potranno anche aumentare. Ci saranno delle conversioni all&#8217;Islam e, ovviamente, qualcuno sar\u00e0 attratto dal cristianesimo. Ma il problema che vedo pi\u00f9 urgente \u00e8 conoscere chi \u00e8 diverso da noi, per poter mettere le basi di una pacifica e cordiale convivenza. E&#8217; ovvio che si richiede un rispetto reciproco all&#8217;interno del comune quadro legislativo.<BR>Per quanto riguarda l&#8217;aspetto religioso, sono convinto che una fede cristiana salda non abbia niente da temere dall&#8217;incontro con chi professa un&#8217;altra fede&#8221;. <\/P><br \/>\n<P>Dai colloqui che ho effettuato con esponenti della religione islamica qui a Terni emerge che la citt\u00e0 ha paura ad affittare case e&nbsp; garage ai musulmani, soprattutto quando si parla di utilizzarle come luoghi di culto. Perch\u00e9, a suo parere?<\/P><br \/>\n<P>&#8220;Innanzi tutto bisogna pensare che viviamo in un paese dove la grande maggioranza dei cittadini \u00e8 cattolica, abbiamo sempre avuto abbondanza di luoghi di culto e certamente sentirsi domandare di poter compiere una preghiera in un garage pu\u00f2 quanto meno disorientare: \u00e8 comprensibile. Se si aggiunge l&#8217;odiosa semplificazione musulmano-terrorista, ancora piuttosto comune, si capisce che la diffidenza e la paura siano sentimenti prevalenti. Quello che mi sento di suggerire \u00e8 di non fidarsi n\u00e9 di semplici preconcetti n\u00e9 di un facile&nbsp; atteggiamento di superficiale disponibilit\u00e0. La strada dell&#8217;incontro, dello scambio di opinioni e, soprattutto, dell&#8217;amicizia saranno senz&#8217;altro il cammino che permetter\u00e0 di instaurare rapporti di reciproco rispetto e, magari, di praticare quell&#8217;accoglienza solidale che rimane comunque segno indiscutibile di testimonianza cristiana&#8221;.<\/P><br \/>\n<P>La Diocesi organizza giornate ecumeniche di confronto con le altre confessioni cristiane. Ci sono in programma iniziative similari anche con la popolazione musulmana? Ci sono state occasioni di contatto in merito?<\/P><br \/>\n<P>&#8220;Stiamo rafforzando la Commissione Diocesana per l&#8217;Ecumenismo e il Dialogo. Uno dei motivi che mi spinge a lavorare di pi\u00f9 su questo fronte \u00e8 proprio la novit\u00e0 della presenza musulmana a Terni e nella Provincia. Sarei contento se attraverso membri della Commissione si riuscisse ad individuare rappresentanti del mondo islamico ternano con i quali iniziare un rapporto di amicizia e di dialogo, su temi cari alle due tradizioni religiose. Ho detto amicizia perch\u00e9 credo pi\u00f9 al dialogo e all&#8217;ecumenismo fatto di rapporti personali e amichevoli, pi\u00f9 che a quello fatto di documenti e di riunioni&#8221;.<\/P><br \/>\n<P>La Consulta degli immigrati, la Mensa dei Poveri, dove c&#8217;\u00e8 un&#8217;alta frequentazione di extracomunitari, le strutture come &#8220;La casa dei colori&#8221;, che lavorano con i bambini immigrati e dove c&#8217;\u00e8 stata una forte crescita della presenza di religione musulmana. Di fronte a questa crescita della presenza musulmana sul territorio, come si pone la Chiesa ternana, quale strada sceglie di percorrere?<\/P><br \/>\n<P>&#8220;La Chiesa ternana sceglie l&#8217;unica strada possibile per i cristiani, per i discepoli del Cristo: la strada dell&#8217;amore e dell&#8217;accoglienza, la strada dell&#8217;incontro, della conoscenza e del rispetto. Questa \u00e8 la strada attraverso cui testimoniare la nostra fede e annunciare il Vangelo. E&#8217; chiaro che lungo questa strada ci troveremo e ci incontreremo soprattutto con coloro che, pur appartenendo ad un&#8217;altra fede, vorranno condividere lo stesso cammino di confronto e di ricerca di una possibile convivenza e di quella pace a cui ogni uomo aspira. Oggi i pericoli di guerra, anche in nome di principi religiosi, sono troppo evidenti: non possiamo lasciare di costruire insieme le basi di una&nbsp; vita comune che conduca ad una pace mondiale duratura e stabile&#8221;.<\/P><br \/>\n<P>Gli ebrei dicevano: Evenu Shalom, noi diciamo Sia pace a te, gli islamici Salaam Aleykum: tre modi diversi per dire lo stesso concetto. Allora perch\u00e9 si punta sempre l&#8217;indice sulle divisioni invece che sui punti di contatto?<\/P><br \/>\n<P>&#8220;Le tre religioni monoteiste credono nello stesso&nbsp; unico Dio di amore. Con ebrei e musulmani abbiamo radici comuni: gli stessi padri &#8211; Abramo, Mos\u00e9 e i profeti &#8211; e Ges\u00f9 Cristo riveste, anche se a titolo diverso, una grande importanza per tutte e tre le religioni. Poi, purtroppo, la storia \u00e8 fatta dagli uomini, e gli uomini sono fatti di egoismo, intolleranza, paura, ignoranza. Ma se il valore della Pace pu\u00f2 essere condiviso da qualsiasi uomo di buona volont\u00e0, sia esso religioso o ateo, tanto pi\u00f9 appartiene alle religioni monoteiste. Non c&#8217;\u00e8 niente di pi\u00f9 facile che litigare con il proprio fratello o con chi ci \u00e8 pi\u00f9 vicino, quindi non devono stupirci secoli di lotte e intolleranze. Ma ora davvero \u00e8 tempo di guardare a ci\u00f2 che ci unisce&#8221;<\/P><br \/>\n<P>Alcuni musulmani dicono: &#8220;Va bene l&#8217;integrazione, purch\u00e9 non sfoci in assimilazione&#8221;. E&#8217; d&#8217;accordo con questo concetto? Dov&#8217;\u00e8&nbsp; a suo giudizio il confine fra le due posizioni?<\/P><br \/>\n<P>&#8220;In effetti assimilazione \u00e8 una brutta parola: a nessuno, suppongo, piacerebbe finire assimilato. Il termine, poi, ricorda oltretutto tempi di tristi vicende coloniali\u2026 Una sana integrazione si realizza se, nel rispetto e nel riconoscimento anche giuridico delle differenze, le minoranze si sentono protette e garantite. Noi abbiamo il privilegio di vivere in una democrazia, in un paese cio\u00e8 dove certe libert\u00e0 e certi diritti sono riconosciuti e ben tutelati da una Carta Fondamentale rigidamente protetta. Qualsiasi minoranza \u00e8 chiamata a godere, a usufruire di questo privilegio cos\u00ec come \u00e8 chiamata a rispettarlo e a onorarlo come una conquista e un tesoro di cui essere orgogliosi&#8221;.<BR><BR>* realizzata per una tesi di laurea sulla presenza islamica a Terni<\/P><\/p>\n","protected":false},"excerpt":{"rendered":"<p>di Emanuele LombardiniOltre quattromila stranieri regolari a Terni, di cui la met\u00e0 sono musulmani. Questo dato la preoccupa? &#8220;Pi\u00f9 che preoccuparmi mi sento coinvolto nella responsabilit\u00e0 dell&#8217;accoglienza e della testimonianza della nostra fede davanti a tanti cittadini che provengono da una fede e da culture diverse dalla nostra. Quanto ai numeri penso che nel prossimo [&hellip;]<\/p>\n","protected":false},"author":2,"featured_media":27566,"comment_status":"closed","ping_status":"closed","sticky":false,"template":"","format":"standard","meta":{"footnotes":""},"categories":[3],"tags":[],"class_list":["post-15721","post","type-post","status-publish","format-standard","has-post-thumbnail","hentry","category-interventi"],"jetpack_featured_media_url":"https:\/\/www.vincenzopaglia.it\/wp-content\/uploads\/2026\/04\/default.jpg","_links":{"self":[{"href":"https:\/\/www.vincenzopaglia.it\/index.php\/wp-json\/wp\/v2\/posts\/15721","targetHints":{"allow":["GET"]}}],"collection":[{"href":"https:\/\/www.vincenzopaglia.it\/index.php\/wp-json\/wp\/v2\/posts"}],"about":[{"href":"https:\/\/www.vincenzopaglia.it\/index.php\/wp-json\/wp\/v2\/types\/post"}],"author":[{"embeddable":true,"href":"https:\/\/www.vincenzopaglia.it\/index.php\/wp-json\/wp\/v2\/users\/2"}],"replies":[{"embeddable":true,"href":"https:\/\/www.vincenzopaglia.it\/index.php\/wp-json\/wp\/v2\/comments?post=15721"}],"version-history":[{"count":0,"href":"https:\/\/www.vincenzopaglia.it\/index.php\/wp-json\/wp\/v2\/posts\/15721\/revisions"}],"wp:featuredmedia":[{"embeddable":true,"href":"https:\/\/www.vincenzopaglia.it\/index.php\/wp-json\/wp\/v2\/media\/27566"}],"wp:attachment":[{"href":"https:\/\/www.vincenzopaglia.it\/index.php\/wp-json\/wp\/v2\/media?parent=15721"}],"wp:term":[{"taxonomy":"category","embeddable":true,"href":"https:\/\/www.vincenzopaglia.it\/index.php\/wp-json\/wp\/v2\/categories?post=15721"},{"taxonomy":"post_tag","embeddable":true,"href":"https:\/\/www.vincenzopaglia.it\/index.php\/wp-json\/wp\/v2\/tags?post=15721"}],"curies":[{"name":"wp","href":"https:\/\/api.w.org\/{rel}","templated":true}]}}