{"id":15678,"date":"2004-06-24T00:00:00","date_gmt":"2004-06-23T22:00:00","guid":{"rendered":"http:\/\/www.vincenzopaglia.it\/cms\/index.php\/intervista-al-maurizio-costanzo-show.html"},"modified":"2013-05-15T00:18:21","modified_gmt":"2013-05-14T22:18:21","slug":"intervista-al-maurizio-costanzo-show","status":"publish","type":"post","link":"https:\/\/www.vincenzopaglia.it\/index.php\/intervista-al-maurizio-costanzo-show.html","title":{"rendered":"Intervista al Maurizio Costanzo Show"},"content":{"rendered":"<p><A href=\"http:\/\/www.mauriziocostanzoshow.com\/\">dal &#8220;Maurizio Costanzo Show&#8221;<BR><\/A><BR>di Maurizio Costanzo<BR><BR><br \/>\nCome \u00e8 nata la Comunit\u00e0 di Sant\u2019Egidio?<br \/>\n<P class=MsoNormal style=\"MARGIN: 0cm 0cm 0pt\">&nbsp;<\/P><br \/>\n<P class=MsoBodyText style=\"MARGIN: 0cm 0cm 0pt\">\u201cQuando io sono arrivato, nel 1970, era un piccolo gruppo di ragazzi del Liceo Virgilio di Roma, guidati da Andrea Riccardi, che andavano al cinodromo, nelle baracche. C\u2019erano 80000 baraccati provenienti dal sud e loro li aiutavano facendo giocare i bambini, aiutandoli a leggere il Vangelo. Piano piano quel piccolo gruppo \u00e8 diventato una comunit\u00e0 diffusa in 60 paesi del mondo\u201d.<\/P><br \/>\n<P class=MsoBodyText style=\"MARGIN: 0cm 0cm 0pt\">&nbsp;<\/P><br \/>\n<P class=MsoBodyText style=\"MARGIN: 0cm 0cm 0pt\">Come avete fatto?<\/P><br \/>\n<P class=MsoBodyText style=\"MARGIN: 0cm 0cm 0pt\">&nbsp;<\/P><br \/>\n<P class=MsoBodyText style=\"MARGIN: 0cm 0cm 0pt\">\u201cNon lo so. Non avremmo mai creduto una cosa simile. Noi pensavamo di restare a Roma. Ma il Vangelo non ha confini\u2026\u201d<\/P><br \/>\n<P class=MsoBodyText style=\"MARGIN: 0cm 0cm 0pt\">&nbsp;<\/P><br \/>\n<P class=MsoBodyText style=\"MARGIN: 0cm 0cm 0pt\">Il suo nuovo libro si chiama \u201cLe parole della fede\u201d. Quali sono queste parole?<\/P><br \/>\n<P class=MsoBodyText style=\"MARGIN: 0cm 0cm 0pt\">&nbsp;<\/P><br \/>\n<P class=MsoBodyText style=\"MARGIN: 0cm 0cm 0pt\">\u201cHo cercato di parlare oggi della fede di sempre, cercando di ridare a queste parole un contesto\u201d.<\/P><br \/>\n<P class=MsoBodyText style=\"MARGIN: 0cm 0cm 0pt\">&nbsp;<\/P><br \/>\n<P class=MsoBodyText style=\"MARGIN: 0cm 0cm 0pt\">Per esempio?<\/P><br \/>\n<P class=MsoBodyText style=\"MARGIN: 0cm 0cm 0pt\">&nbsp;<\/P><br \/>\n<P class=MsoBodyText style=\"MARGIN: 0cm 0cm 0pt\">\u201cIl Paradiso, per esempio. Se pensiamo che \u00e8 solo dopo cominciamo male.&nbsp; Dobbiamo capire che il Paradiso \u00e8 qui, e ognuno \u00e8 responsabile. Se pensiamo alla guerra in Iraq, per esempio: l\u00ec stiamo costruendo l\u2019inferno\u201d.<\/P><br \/>\n<P class=MsoBodyText style=\"MARGIN: 0cm 0cm 0pt\">&nbsp;<\/P><br \/>\n<P class=MsoBodyText style=\"MARGIN: 0cm 0cm 0pt\">Lei \u00e8 stato il primo sacerdote ad entrare nell\u2019Albania comunista. Come accadde?<\/P><br \/>\n<P class=MsoBodyText style=\"MARGIN: 0cm 0cm 0pt\">&nbsp;<\/P><br \/>\n<P class=MsoBodyText style=\"MARGIN: 0cm 0cm 0pt\">\u201cIn Albania il dittatore voleva che fosse proibito ogni segno o riferimento religioso. Il pensiero che c\u2019era un paese che aveva bisogno di aiuto e si trovava a soli 60 chilometri di distanza mi ha indotto a partire. Ma sono voluto partire con il colletto e il mio vestito da prete. Era una cosa cos\u00ec strana che all\u2019aeroporto i soldati mi guardavano come un marziano. Chiesi di vedere il responsabile del partito. Accettarono, ma l\u2019incontro fu organizzato di notte e con la condizione che indossassi abiti civili. Un amico mi prest\u00f2 una cravatta, che tra l\u2019altro era anche rossa! Il giorno dopo il Presidente mi invit\u00f2 a parlare con lui, questa volta di giorno\u201d.<\/P><br \/>\n<P class=MsoBodyText style=\"MARGIN: 0cm 0cm 0pt\">&nbsp;<\/P><br \/>\n<P class=MsoBodyText style=\"MARGIN: 0cm 0cm 0pt\">La vocazione, quando l\u2019ha sentita?<\/P><br \/>\n<P class=MsoBodyText style=\"MARGIN: 0cm 0cm 0pt\">&nbsp;<\/P><br \/>\n<P class=MsoBodyText style=\"MARGIN: 0cm 0cm 0pt\">\u201cSin da bambino. Mi piaceva la messa, vedere la gente radunata insieme a pregare\u201d<\/P><br \/>\n<P class=MsoBodyText style=\"MARGIN: 0cm 0cm 0pt\">&nbsp;<\/P><br \/>\n<P class=MsoBodyText style=\"MARGIN: 0cm 0cm 0pt\">Ci sono cose che non vorremmo mai pi\u00f9, come le urla di quel sudcoreano. Ci siamo ridotti a parlare di decapitazioni come fossero tamponamenti\u2026<\/P><br \/>\n<P class=MsoBodyText style=\"MARGIN: 0cm 0cm 0pt\">&nbsp;<\/P><br \/>\n<P class=MsoBodyText style=\"MARGIN: 0cm 0cm 0pt\">\u201cMi fa paura l\u2019idea che si possa trasformare il cristianesimo in una devozione imbelle, che porti a rassegnarsi al male. Dobbiamo reagire perch\u00e9 il mondo non si abitui alle atrocit\u00e0\u201d.<\/P><br \/>\n<P class=MsoBodyText style=\"MARGIN: 0cm 0cm 0pt\">&nbsp;<\/P><br \/>\n<P class=MsoBodyText style=\"MARGIN: 0cm 0cm 0pt\">Non dobbiamo abitarci alle decapitazioni<\/P><br \/>\n<P class=MsoBodyText style=\"MARGIN: 0cm 0cm 0pt\">&nbsp;<\/P><br \/>\n<P class=MsoBodyText style=\"MARGIN: 0cm 0cm 0pt\">\u201cCome non dobbiamo abituarci agli attentati, alle guerre. C\u2019\u00e8 bisogno di una grande rivoluzione morale\u201d.<\/P><br \/>\n<P class=MsoBodyText style=\"MARGIN: 0cm 0cm 0pt\">&nbsp;<\/P><br \/>\n<P class=MsoBodyText style=\"MARGIN: 0cm 0cm 0pt\">Queste cose si dicono, ma come si pu\u00f2 passare ai fatti?<\/P><br \/>\n<P class=MsoBodyText style=\"MARGIN: 0cm 0cm 0pt\">&nbsp;<\/P><br \/>\n<P class=MsoBodyText style=\"MARGIN: 0cm 0cm 0pt\">\u201cBasta capire che la felicit\u00e0 si pu\u00f2 trovare solo nella comunione. Uno pu\u00f2 avere tutto, ma se \u00e8 solo \u00e8 triste. La felicit\u00e0 che quando ci si pu\u00f2 legare in un rapporto di amicizia e di stima con un altro.<\/P><br \/>\n<P class=MsoNormal style=\"MARGIN: 0cm 0cm 0pt\">&nbsp;<\/P><br \/>\nCi regali un pensiero per l\u2019estate<br \/>\n<P class=MsoNormal style=\"MARGIN: 0cm 0cm 0pt\">&nbsp;<\/P>\u201cHo un pensiero fisso. Crescere dentro la mia coscienza. Io invito tutti a leggere il Vangelo, un lievito di sapienza, capace di renderci pi\u00f9 felici e pi\u00f9 forti&#8221;.<\/p>\n","protected":false},"excerpt":{"rendered":"<p>dal &#8220;Maurizio Costanzo Show&#8221;di Maurizio Costanzo Come \u00e8 nata la Comunit\u00e0 di Sant\u2019Egidio? &nbsp; \u201cQuando io sono arrivato, nel 1970, era un piccolo gruppo di ragazzi del Liceo Virgilio di Roma, guidati da Andrea Riccardi, che andavano al cinodromo, nelle baracche. C\u2019erano 80000 baraccati provenienti dal sud e loro li aiutavano facendo giocare i bambini, [&hellip;]<\/p>\n","protected":false},"author":2,"featured_media":15679,"comment_status":"closed","ping_status":"closed","sticky":false,"template":"","format":"standard","meta":{"footnotes":""},"categories":[11],"tags":[],"class_list":["post-15678","post","type-post","status-publish","format-standard","has-post-thumbnail","hentry","category-interviste"],"jetpack_featured_media_url":"https:\/\/www.vincenzopaglia.it\/wp-content\/uploads\/2009\/10\/maurizocostanzo1.jpg","_links":{"self":[{"href":"https:\/\/www.vincenzopaglia.it\/index.php\/wp-json\/wp\/v2\/posts\/15678","targetHints":{"allow":["GET"]}}],"collection":[{"href":"https:\/\/www.vincenzopaglia.it\/index.php\/wp-json\/wp\/v2\/posts"}],"about":[{"href":"https:\/\/www.vincenzopaglia.it\/index.php\/wp-json\/wp\/v2\/types\/post"}],"author":[{"embeddable":true,"href":"https:\/\/www.vincenzopaglia.it\/index.php\/wp-json\/wp\/v2\/users\/2"}],"replies":[{"embeddable":true,"href":"https:\/\/www.vincenzopaglia.it\/index.php\/wp-json\/wp\/v2\/comments?post=15678"}],"version-history":[{"count":0,"href":"https:\/\/www.vincenzopaglia.it\/index.php\/wp-json\/wp\/v2\/posts\/15678\/revisions"}],"wp:featuredmedia":[{"embeddable":true,"href":"https:\/\/www.vincenzopaglia.it\/index.php\/wp-json\/wp\/v2\/media\/15679"}],"wp:attachment":[{"href":"https:\/\/www.vincenzopaglia.it\/index.php\/wp-json\/wp\/v2\/media?parent=15678"}],"wp:term":[{"taxonomy":"category","embeddable":true,"href":"https:\/\/www.vincenzopaglia.it\/index.php\/wp-json\/wp\/v2\/categories?post=15678"},{"taxonomy":"post_tag","embeddable":true,"href":"https:\/\/www.vincenzopaglia.it\/index.php\/wp-json\/wp\/v2\/tags?post=15678"}],"curies":[{"name":"wp","href":"https:\/\/api.w.org\/{rel}","templated":true}]}}