{"id":15667,"date":"2004-02-14T00:00:00","date_gmt":"2004-02-13T23:00:00","guid":{"rendered":"http:\/\/www.vincenzopaglia.it\/cms\/index.php\/intervista-a-radio-tna.html"},"modified":"2013-07-18T17:30:37","modified_gmt":"2013-07-18T15:30:37","slug":"intervista-a-radio-tna","status":"publish","type":"post","link":"https:\/\/www.vincenzopaglia.it\/index.php\/intervista-a-radio-tna.html","title":{"rendered":"&#8220;Terni deve pensarsi in modo nuovo&#8221;"},"content":{"rendered":"<p class=\"MsoNormal\" style=\"margin: 0cm 0cm 0pt;\">di <strong>Arnaldo Casali<\/strong><\/p>\n<p><strong>Quest\u2019anno la festa di San Valentino cade in un momento molto particolare per la citt\u00e0, la crisi delle acciaierie.<\/strong><\/p>\n<p>\u201cNon c\u2019\u00e8 dubbio che il rapporto che c\u2019\u00e8 tra le acciaierie e la citt\u00e0 non pu\u00f2 che toccare anche il rapporto stesso che la citt\u00e0 ha con il suo patrono. In questo senso la memoria del martire parla anche a questa alla citt\u00e0 di questa crisi. La tradizione di avere un patrono affonda le radici nelle profondit\u00e0 del cuore della vita di una comunit\u00e0 cittadina e indica il bisogno che non solo ogni persona, ma anche l\u2019intera citt\u00e0 ha di essere protetta. Questo \u00e8 sempre stato vero, anche di fronte ai drammi che in passato potevano venire dalle epidemie o dagli eventi naturali che sconvolgevano la vita di un popolo. Oggi il dramma che si stava abbattendo su Terni ha come fatto riscoprire e deve far riscoprire il senso di una protezione che dia speranza per il futuro. Ecco perch\u00e9 credo che al di l\u00e0 dei problemi di ordine tecnico questa vicenda tocca il cuore stesso di una citt\u00e0 e se mi \u00e8 permesso di dirlo il punto alto di questo bisogno di protezione si \u00e8 manifestato nel pellegrinaggio di quel gruppo di operai dal Papa, che non sono andati da chi aveva le leve amministrative o politiche, sono andati dal vescovo di Roma, dal papa della Chiesa che aveva visitato questa acciaieria vent\u2019anni fa, perch\u00e9 in qualche modo facesse sentire la sua vicinanza e la sua voce, e devo dire che sono stati esauditi\u201d.<\/p>\n<p><strong>Un miracolo di san Valentino?<\/strong><\/p>\n<p>\u201cCertamente \u00e8 un miracolo spirituale che ha dato i suoi frutti anche sul piano concreto, ecco perch\u00e9 ho voluto che nel giorno di San Valentino qualche rappresentante di questi operai desse la sua testimonianza di questo viaggio, perch\u00e9 \u00e8 stato un pellegrinaggio fondamentalmente spirituale, pieno di bisogno di protezione di giovani che vedevano precipitato il loro avvenire. Ecco perch\u00e9 san Valentino quest\u2019anno in un certo modo fa sentire la robustezza della sua presenza. Essere il santo dell\u2019amore significa essere il santo di una cultura di solidariet\u00e0, di una cultura di dedizione comune, di affetto, di rafforzamento dell\u2019amicizia.<\/p>\n<p>Quindi il dramma non \u00e8 cancellato, ma certamente si \u00e8 manifestata in questa vicenda una straordinaria solidariet\u00e0: potremmo anche dire che per certi versi la citt\u00e0 ha come ritrovato un cuore che ha battuto all\u2019unisono, ed \u00e8 singolare che abbia battuto all\u2019unisono a partire dalla parte ferita, e questo indica la verit\u00e0 di questa solidariet\u00e0. Ci siamo tutti stretti accanto a chi stava vedendo minacciato il proprio futuro e il proprio lavoro. E questo, a mio avviso, \u00e8 una grande lezione di vita. La citt\u00e0 ritrova s\u00e9 stessa quando \u00e8 capace di raccogliersi attorno a quella parte di s\u00e9 stessa che vive con maggiore debolezza.<\/p>\n<p><strong>San Valentino \u00e8 il santo ternano e santo universale, in questo periodo anche la citt\u00e0 sta vivendo un problema che \u00e8 locale ma anche universale, vista la crisi che sta colpendo anche altre acciaierie e i lavoratori di altre multinazionali e Terni ha ricevuto una solidariet\u00e0 universale. Pu\u00f2 anche essere per la citt\u00e0\u00a0 un\u2019occasione per aprirsi al mondo?<\/strong><\/p>\n<p>\u201cQuesto momento difficile che Terni sta vivendo non \u00e8 slegato dalla congiuntura internazionale, anzi, direi che nella vicenda delle acciaierie di Terni si declina uno dei problemi che coinvolgono l\u2019intero assetto economico del pianeta, appunto questa tensione che pu\u00f2 nascere tra la globalizzazione del mercato e la realt\u00e0 locale dove \u00e8 impiantata la fabbrica. Terni ha avuto la capacit\u00e0, fatto estremamente positivo, di alzare il livello del problema: in questo senso voglio dire che potremmo anche collegare questa dimensione universale dell\u2019amore che san Valentino rappresenta proprio perch\u00e9 la solidariet\u00e0 non pu\u00f2 essere declinata a livello solo cittadino, regionale o nazionale: questa solidariet\u00e0 va vissuta a cerchi concentrici, quindi \u00e8 impossibile da settorializzare\u201d<\/p>\n<p><strong>Una solidariet\u00e0 locale, regionale, nazionale ed europea?<\/strong><\/p>\n<p>\u201cS\u00ec, e per questo penso che la vicenda che stiamo vivendo ci obblighi a ripensare anche la stessa strategia cittadina, e san Valentino pu\u00f2 esserci patrono anche in questo senso. Non pu\u00f2 essere un caso che questa crisi sia accaduta nel mese valentiniano e la stessa consegna del premio san Valentino agli operai del Magnetico sta ad indicare un collegamento che si iscrive in una prospettiva che a mio parere deve aiutare ognuno di noi e l\u2019intera citt\u00e0 a pensarsi in una maniera nuova\u201d.<\/p>\n<p><strong>Che significa pensarsi in una maniera nuova?<\/strong><\/p>\n<p>\u201cSignifica che mentre Terni difende il sito industriale dell\u2019acciaio, con determinazione, dignit\u00e0 e grande sapienza, e anche \u2013 bisogna dire &#8211; con successo nello stesso tempo la difesa di questo sito deve spingere tutti a trovare nuove forme di sviluppo, nuove modalit\u00e0 di occupazione, nuove prospettive, nuova crescita sia industriale che culturale perch\u00e9 il futuro di Terni se per un verso \u00e8 legato alle acciaierie per l\u2019altro non pu\u00f2 essere schiacciato su di esse. Ecco perch\u00e9 quest\u2019occasione che \u00e8 stata drammatica e non \u00e8 ancora finita, deve spingere tutti a un\u2019attitudine pi\u00f9 creativa, pi\u00f9 generosa e pi\u00f9 audace per pensare il futuro della citt\u00e0. Questo richiede certamente una classe dirigente rinnovata, adeguata e mi riferisco all\u2019intero arco manageriale sia politico sia industriale sia imprenditoriale. Abbiamo bisogno di un rinnovato slancio ma anche di una nuova cultura in tutti, a partire dalle scuole per coinvolgere\u00a0 le universit\u00e0 e le altre forme culturali presenti nel nostro territorio. Credo che lo stesso san Valentino ci \u00e8 maestro in questo: non si \u00e8 mai fermato a Terni, pur vivendo qui e volendo bene alla sua citt\u00e0 ha saputo andare per le zone vicine, perch\u00e9 ogni tensione creativa distrugge il muro della chiusura, del provincialismo, del proprio interesse individuale. Terni deve ritrovare la sua compattezza e assieme una sua creativit\u00e0, una sua audacia nel pensare il proprio futuro\u201d.<br \/>\nIntervista realizzata per il programma Notes Diocesi di <a href=\"http:\/\/www.radiotna.it\">Radio TNA<\/a>\u00a0&#8211; febbraio 2004<\/p>\n","protected":false},"excerpt":{"rendered":"<p>di Arnaldo Casali Quest\u2019anno la festa di San Valentino cade in un momento molto particolare per la citt\u00e0, la crisi delle acciaierie. \u201cNon c\u2019\u00e8 dubbio che il rapporto che c\u2019\u00e8 tra le acciaierie e la citt\u00e0 non pu\u00f2 che toccare anche il rapporto stesso che la citt\u00e0 ha con il suo patrono. In questo senso [&hellip;]<\/p>\n","protected":false},"author":2,"featured_media":15668,"comment_status":"closed","ping_status":"closed","sticky":false,"template":"","format":"standard","meta":{"footnotes":""},"categories":[11],"tags":[],"class_list":["post-15667","post","type-post","status-publish","format-standard","has-post-thumbnail","hentry","category-interviste"],"jetpack_featured_media_url":"https:\/\/www.vincenzopaglia.it\/wp-content\/uploads\/2009\/06\/tna_picc_21.gif","_links":{"self":[{"href":"https:\/\/www.vincenzopaglia.it\/index.php\/wp-json\/wp\/v2\/posts\/15667","targetHints":{"allow":["GET"]}}],"collection":[{"href":"https:\/\/www.vincenzopaglia.it\/index.php\/wp-json\/wp\/v2\/posts"}],"about":[{"href":"https:\/\/www.vincenzopaglia.it\/index.php\/wp-json\/wp\/v2\/types\/post"}],"author":[{"embeddable":true,"href":"https:\/\/www.vincenzopaglia.it\/index.php\/wp-json\/wp\/v2\/users\/2"}],"replies":[{"embeddable":true,"href":"https:\/\/www.vincenzopaglia.it\/index.php\/wp-json\/wp\/v2\/comments?post=15667"}],"version-history":[{"count":0,"href":"https:\/\/www.vincenzopaglia.it\/index.php\/wp-json\/wp\/v2\/posts\/15667\/revisions"}],"wp:featuredmedia":[{"embeddable":true,"href":"https:\/\/www.vincenzopaglia.it\/index.php\/wp-json\/wp\/v2\/media\/15668"}],"wp:attachment":[{"href":"https:\/\/www.vincenzopaglia.it\/index.php\/wp-json\/wp\/v2\/media?parent=15667"}],"wp:term":[{"taxonomy":"category","embeddable":true,"href":"https:\/\/www.vincenzopaglia.it\/index.php\/wp-json\/wp\/v2\/categories?post=15667"},{"taxonomy":"post_tag","embeddable":true,"href":"https:\/\/www.vincenzopaglia.it\/index.php\/wp-json\/wp\/v2\/tags?post=15667"}],"curies":[{"name":"wp","href":"https:\/\/api.w.org\/{rel}","templated":true}]}}