{"id":15656,"date":"2004-02-02T00:00:00","date_gmt":"2004-02-01T23:00:00","guid":{"rendered":"http:\/\/www.vincenzopaglia.it\/cms\/index.php\/intervista-di-liberazione-sulla-crisi-ast.html"},"modified":"2013-05-15T00:18:46","modified_gmt":"2013-05-14T22:18:46","slug":"intervista-di-liberazione-sulla-crisi-ast","status":"publish","type":"post","link":"https:\/\/www.vincenzopaglia.it\/index.php\/intervista-di-liberazione-sulla-crisi-ast.html","title":{"rendered":"Intervista di &#8220;Liberazione&#8221; sulla crisi AST"},"content":{"rendered":"<p><P>Il vescovo chiede &#8220;un ruolo attivo&#8221; della politica nell&#8217;economia<\/P><br \/>\n<P>&#8220;Governo assente&#8221;<\/P><br \/>\n<P>di Roberto Farneti<BR><BR>Monsignor Vincenzo Paglia, vescovo di Terni Narni Amelia, lei ha espresso giudizi molto duri sulla decisione della Thyssen-Krupp&#8230;<BR><BR>C&#8217;\u00e8 un problema sia di contenuto che di metodo. Io so bene <BR>quali sono le problematiche mercato. Quanto Il connesse alla giobalizzazione e quanto le multinazionali debbano tenere conto delle componenti che influenzano la competizione sul mercato. Non voglio entrare nelle scelte di politica economica del management della Thyssen Krupp. Ma non si pu\u00f2 prendere la decisione di chiudere una fabbrica comunicandola semplicemente agli operai senza avere neppure esaminato i costi sociali ed economici di questa scelta. In questo caso, contenuto e metodo si sovrappongono.<BR>Obbedire solamente alle leggi del mercato senza neppure aprire un tavolo di discussione \u00e8 difficilmente accettabile. Inoltre c&#8217;\u00e8 da tener conto che lo stabilimento di Terni \u00e8 particolarmente attivo&nbsp; e il 60% di quanto produce viene venduto in Italia. Questa fabbrica ha una stoira pi\u00f9 che decennale che ha portato non pochi utili alla multinazionale tedesca.<\/P><br \/>\n<P>Non \u00e8 il primo caso di imprese straniere che arrivano, incamerano profitti e vanno via lasciando macerie alle loro spalle. Non pensa che Il governo Italiano dovrebbe tutelare meglio la propria economia?<\/P><br \/>\n<P>Sono d&#8217;accordo. Non a caso ho detto che la dichiarazione di<BR>chiusura ferisce la citt\u00e0 di Temi in modo gravissimo ma, a mio avviso, ferisce anche il nostro paese. Per questo ritengo necessario un intervento del governo, il che vuoi dire un ruolo attivo della politica nella gestione dell&#8217;economia. Nel caso particolare, \u00e8 necessario che la crisi nella quale \u00e8 caduta l&#8217;industria dell&#8217;acciaio di Terni venga posta a livello nazionale. Il governo deve da un lato affrontare la drammatica questione di 900 operai con rispettive famiglie che si vedono da un giorno all&#8217;altro troncato il loro futuro e, dall&#8217;altro, esaminare con il governo tedesco quali soluzioni alternative ci possano essere alla chiusura.<\/P><br \/>\n<P>Quali sono i rischi di una globalizzazione priva di regole?<\/P><br \/>\n<P>Non sono un esperto per parlare di questa materia con adeguata competenza. E tuttavia il mercato privo di regole, che soggiace alla cinica legge del guadagno, porta all&#8217;autodistruzione dello stesso mercato.<BR>Quanto accadde negli Stati Uniti nel 1929 dovrebbe farci riflettere. In questo senso l&#8217;etica e la politica sono parti essenziali della stessa prospettiva economica. Wolfeson, presidente della Banca Mondiale, va ripetendo da tempo che non c&#8217;\u00e8 economia stabile senza uno sviluppo anche dei paesi pi\u00f9 poveri. Un&#8217;economia che non si ponga l&#8217;obiettivo di ridurre la forbice tra ricchezza e povert\u00e0 \u00e8 miope. Quanto meno rischia di sfociare in un conflitto planetario.<BR>Non \u00e8 un caso che Giovanni Paolo&nbsp;II esorti a incidere sulle cause del terrorismo che spesso allignano nelle terre della disperazione.<BR><BR>da<A href=\"http:\/\/www.liberazione.it\"> <\/A><A href=\"http:\/\/www.liberazione.it\">LIBERAZIONE<\/A> di sabato 31 gennaio 2004<BR><\/P><\/p>\n","protected":false},"excerpt":{"rendered":"<p>Il vescovo chiede &#8220;un ruolo attivo&#8221; della politica nell&#8217;economia &#8220;Governo assente&#8221; di Roberto FarnetiMonsignor Vincenzo Paglia, vescovo di Terni Narni Amelia, lei ha espresso giudizi molto duri sulla decisione della Thyssen-Krupp&#8230;C&#8217;\u00e8 un problema sia di contenuto che di metodo. Io so bene quali sono le problematiche mercato. Quanto Il connesse alla giobalizzazione e quanto le [&hellip;]<\/p>\n","protected":false},"author":2,"featured_media":15657,"comment_status":"closed","ping_status":"closed","sticky":false,"template":"","format":"standard","meta":{"footnotes":""},"categories":[11],"tags":[],"class_list":["post-15656","post","type-post","status-publish","format-standard","has-post-thumbnail","hentry","category-interviste"],"jetpack_featured_media_url":"https:\/\/www.vincenzopaglia.it\/wp-content\/uploads\/2009\/06\/testata1.gif","_links":{"self":[{"href":"https:\/\/www.vincenzopaglia.it\/index.php\/wp-json\/wp\/v2\/posts\/15656","targetHints":{"allow":["GET"]}}],"collection":[{"href":"https:\/\/www.vincenzopaglia.it\/index.php\/wp-json\/wp\/v2\/posts"}],"about":[{"href":"https:\/\/www.vincenzopaglia.it\/index.php\/wp-json\/wp\/v2\/types\/post"}],"author":[{"embeddable":true,"href":"https:\/\/www.vincenzopaglia.it\/index.php\/wp-json\/wp\/v2\/users\/2"}],"replies":[{"embeddable":true,"href":"https:\/\/www.vincenzopaglia.it\/index.php\/wp-json\/wp\/v2\/comments?post=15656"}],"version-history":[{"count":0,"href":"https:\/\/www.vincenzopaglia.it\/index.php\/wp-json\/wp\/v2\/posts\/15656\/revisions"}],"wp:featuredmedia":[{"embeddable":true,"href":"https:\/\/www.vincenzopaglia.it\/index.php\/wp-json\/wp\/v2\/media\/15657"}],"wp:attachment":[{"href":"https:\/\/www.vincenzopaglia.it\/index.php\/wp-json\/wp\/v2\/media?parent=15656"}],"wp:term":[{"taxonomy":"category","embeddable":true,"href":"https:\/\/www.vincenzopaglia.it\/index.php\/wp-json\/wp\/v2\/categories?post=15656"},{"taxonomy":"post_tag","embeddable":true,"href":"https:\/\/www.vincenzopaglia.it\/index.php\/wp-json\/wp\/v2\/tags?post=15656"}],"curies":[{"name":"wp","href":"https:\/\/api.w.org\/{rel}","templated":true}]}}