{"id":15628,"date":"2003-10-12T00:00:00","date_gmt":"2003-10-11T22:00:00","guid":{"rendered":"http:\/\/www.vincenzopaglia.it\/cms\/index.php\/intervista-del-corriere-della-sera-3.html"},"modified":"2013-07-18T17:35:21","modified_gmt":"2013-07-18T15:35:21","slug":"intervista-del-corriere-della-sera-3","status":"publish","type":"post","link":"https:\/\/www.vincenzopaglia.it\/index.php\/intervista-del-corriere-della-sera-3.html","title":{"rendered":"&#8220;I cattolici rischiano di diventare new age&#8221;"},"content":{"rendered":"<p>IL DIBATTITO SULLA FEDE \/ Il vescovo Paglia replica alla ricerca del Mulino<\/p>\n<p>&#8220;Bisogna riscoprire il primato della parola di Dio e tornare alla Bibbia&#8221;<\/p>\n<p>di<strong> Lorenzo\u00a0Salvia\u00a0<\/strong><\/p>\n<p>ROMA &#8211; &#8220;Se non credessi alla Resurrezione della carne, vana sarebbe la mia fede&#8221;. Monsignor Vincenzo Paglia &#8211; vescovo di Terni, e tra i nomi pi\u00f9 conosciuti della Comunit\u00e0 di Sant&#8217; Egidio &#8211; sceglie le parole di San Paolo per commentare la ricerca del Mulino sui cattolici italiani, anticipata dal Corriere.<\/p>\n<p><strong>Secondo il 17% degli intervistati la morte \u00e8 la fine di tutto. Il 40% dice che per l&#8217; aldil\u00e0 crede in &#8220;qualcosa ma non sa esattamente cosa&#8221;. Mentre solo un altro 17% \u00e8 convinto che ci siano inferno e paradiso. <\/strong><\/p>\n<p>&#8220;Non c&#8217; \u00e8 dubbio: l&#8217;attutimento di una visione della vita che continua nell&#8217; aldil\u00e0 colpisce il Cristianesimo al cuore. Dobbiamo sempre tenerlo a mente: \u00e8 la Resurrezione della carne a salvare la storia, l&#8217; individuo e l&#8217;amore. Questo \u00e8 l&#8217; elemento centrale del messaggio di Cristo&#8221;.<\/p>\n<p><strong>Per Massimo Cacciari la responsabilit\u00e0 \u00e8 anche della Chiesa che ha cercato di adattarsi alla modernit\u00e0 perdendo di vista le sue radici.<\/strong><\/p>\n<p>&#8220;In parte \u00e8 vero. Nelle prediche si parla poco di questi aspetti perch\u00e9 si preferisce discutere temi pi\u00f9 semplici, giudicati pi\u00f9 vicini alla gente. A volte siamo andati dietro ai cambiamenti sociali, tralasciando il primato della parola di Dio che deve tornare ad egemonizzare la vita del credente in tutti i suoi aspetti. Ma c&#8217; \u00e8 anche un altro punto da tener presente&#8221;.<\/p>\n<p><strong>Quale?\u00a0<\/strong><\/p>\n<p>&#8220;E&#8217; l&#8217; uomo moderno stesso a voler oscurare i temi dell&#8217; aldil\u00e0 e della morte: sono questioni difficili, fanno paura. Si preferisce guardare altrove&#8221;.<\/p>\n<p><strong>Cosa pu\u00f2 fare la Chiesa per cambiare tutto questo?<\/strong><\/p>\n<p>&#8220;Rimettere la Bibbia nelle mani dei credenti. Perch\u00e9 torni ad essere l&#8217; ispirazione dei nostri comportamenti, perch\u00e9 rafforzi i sogni e le utopie. Faccio un esempio: la domenica. Ormai la consideriamo solo una fuga concessa con generosit\u00e0 dal datore di lavoro. E invece deve essere il giorno in cui uomini e donne, grandi e piccoli, sani e malati si incontrano davanti al Signore e fanno festa. Deve tornare ad essere uno spicchio di paradiso in Terra. Altrimenti il Cristianesimo rischia di diventare una sorta di vaga new age, incapace di incidere sulla storia, incapace di sentire il dramma del paradiso e dell&#8217; inferno. Faccio un altro esempio&#8221;.<\/p>\n<p><strong>Prego. <\/strong><\/p>\n<p>&#8220;C&#8217;\u00e8 addirittura chi accusa velatamente la Chiesa di essere troppo impegnata sul tema della carit\u00e0, quasi fosse diventata un ente di assistenza. Il problema \u00e8 un altro: dobbiamo riempire questa attivit\u00e0 del messaggio evangelico. Il credente non fa l&#8217; assistente sociale che si china sul bisognoso. Per il credente, quel povero \u00e8 molto di pi\u00f9: suo fratello. Il paradiso e la Resurrezione cominciano proprio qui&#8221;.<\/p>\n<p><strong>Cambiamo tema. Secondo la stessa ricerca un quarto dei cattolici \u00e8 convinto che nelle altre religioni ci siano elementi di verit\u00e0. Cosa ne pensa?<\/strong><\/p>\n<p>&#8220;E&#8217; un bel ritorno alle origini. Ricordiamo le parole di Cristo: &#8220;&#8221;Chi non \u00e8 contro di noi \u00e8 per noi&#8221;&#8221;. Naturalmente a patto che non si scivoli nel relativismo religioso, per cui tutte le confessioni sono uguali. La vera religione \u00e8 il Cristianesimo, perch\u00e9 abbiamo il Verbo e la parola di Dio. Ma questa affermazione, salda e forte, non vuol dire che le altre confessioni siano totalmente false. Sono comunque dei tentativi per cercare il Signore: in esse c&#8217; \u00e8 di sicuro la scintilla di Dio. Ed \u00e8 proprio questo a rendere doveroso il dialogo tra i credenti di fedi diverse&#8221;.<\/p>\n<p><strong>Ultimo punto, la partecipazione alla Messa. Ci vanno pi\u00f9 i laureati che i diplomati.<\/strong><\/p>\n<p>&#8220;Mi sorprende ma fino a un certo punto. La vecchia guerra tra scienza e fede \u00e8 in via di superamento. Un tempo si diceva che il medico del paese era ateo perch\u00e9 quando apriva il corpo del paziente non trovava l&#8217; anima. Oggi le cose non stanno pi\u00f9 cos\u00ec. Chi incontra la Bibbia \u00e8 spinto a riflettere, ad approfondire. E in questo la cultura \u00e8 di grande aiuto. Del resto siamo davanti al fallimento del totalitarismo della ragione. Anch&#8217; essa \u00e8 debole di fronte alla realt\u00e0. E la fede \u00e8 necessaria una volta di pi\u00f9&#8221;.<\/p>\n<p>dal <strong>Corriere della sera<\/strong> del 12 ottobre 2003<\/p>\n","protected":false},"excerpt":{"rendered":"<p>IL DIBATTITO SULLA FEDE \/ Il vescovo Paglia replica alla ricerca del Mulino &#8220;Bisogna riscoprire il primato della parola di Dio e tornare alla Bibbia&#8221; di Lorenzo\u00a0Salvia\u00a0 ROMA &#8211; &#8220;Se non credessi alla Resurrezione della carne, vana sarebbe la mia fede&#8221;. Monsignor Vincenzo Paglia &#8211; vescovo di Terni, e tra i nomi pi\u00f9 conosciuti della [&hellip;]<\/p>\n","protected":false},"author":2,"featured_media":15629,"comment_status":"closed","ping_status":"closed","sticky":false,"template":"","format":"standard","meta":{"footnotes":""},"categories":[11],"tags":[],"class_list":["post-15628","post","type-post","status-publish","format-standard","has-post-thumbnail","hentry","category-interviste"],"jetpack_featured_media_url":"https:\/\/www.vincenzopaglia.it\/wp-content\/uploads\/2009\/06\/testata-bassa1.gif","_links":{"self":[{"href":"https:\/\/www.vincenzopaglia.it\/index.php\/wp-json\/wp\/v2\/posts\/15628","targetHints":{"allow":["GET"]}}],"collection":[{"href":"https:\/\/www.vincenzopaglia.it\/index.php\/wp-json\/wp\/v2\/posts"}],"about":[{"href":"https:\/\/www.vincenzopaglia.it\/index.php\/wp-json\/wp\/v2\/types\/post"}],"author":[{"embeddable":true,"href":"https:\/\/www.vincenzopaglia.it\/index.php\/wp-json\/wp\/v2\/users\/2"}],"replies":[{"embeddable":true,"href":"https:\/\/www.vincenzopaglia.it\/index.php\/wp-json\/wp\/v2\/comments?post=15628"}],"version-history":[{"count":0,"href":"https:\/\/www.vincenzopaglia.it\/index.php\/wp-json\/wp\/v2\/posts\/15628\/revisions"}],"wp:featuredmedia":[{"embeddable":true,"href":"https:\/\/www.vincenzopaglia.it\/index.php\/wp-json\/wp\/v2\/media\/15629"}],"wp:attachment":[{"href":"https:\/\/www.vincenzopaglia.it\/index.php\/wp-json\/wp\/v2\/media?parent=15628"}],"wp:term":[{"taxonomy":"category","embeddable":true,"href":"https:\/\/www.vincenzopaglia.it\/index.php\/wp-json\/wp\/v2\/categories?post=15628"},{"taxonomy":"post_tag","embeddable":true,"href":"https:\/\/www.vincenzopaglia.it\/index.php\/wp-json\/wp\/v2\/tags?post=15628"}],"curies":[{"name":"wp","href":"https:\/\/api.w.org\/{rel}","templated":true}]}}