{"id":15603,"date":"2000-04-02T00:00:00","date_gmt":"2000-04-02T00:00:00","guid":{"rendered":"http:\/\/www.vincenzopaglia.it\/cms\/index.php\/saluto-del-nuovo-vescovo-alla-diocesi-di-terni-narni-amelia.html"},"modified":"2013-05-10T23:48:37","modified_gmt":"2013-05-10T21:48:37","slug":"saluto-del-nuovo-vescovo-alla-diocesi-di-terni-narni-amelia","status":"publish","type":"post","link":"https:\/\/www.vincenzopaglia.it\/index.php\/saluto-del-nuovo-vescovo-alla-diocesi-di-terni-narni-amelia.html","title":{"rendered":"Saluto del nuovo Vescovo alla Diocesi di Terni Narni Amelia"},"content":{"rendered":"<p>Carissime sorelle , carissimi fratelli; cari abitanti della diocesi di Terni, Narni, Amelia,desidero farvi giungere subito il mio pi\u00f9 caro saluto. Vorrei che questo saluto giungesse alla porta di ogni casa e di ogni cuore; a voi cari sacerdoti, religiosi e religiose, a voi mamme e pap\u00e0, a voi ragazzi, giovani, anziani; a tutti, in particolare ai malati e a chiunque \u00e8 provato dal dolore. All&#8217;inizio del mio ministro episcopale, faccio mie le parole che, un vescovo martire, mons. Oscar Arnulfo Romero, amava dire: &#8220;Io credo che il vescovo ha sempre molto da apprendere dal suo popolo&#8221;. Con questi sentimenti mi accingo a venire tra voi, sapendo che tutti dobbiamo apprendere il senso della nostra vita dalla Parola di Dio. Ci incontreremo e ci abbracceremo il 16 Aprile, domenica delle Palme, per accogliere insieme il Signore Ges\u00f9, agitando come folle di Gerusalemme i rami di ulivo, segno di pace, di amore e di festa. Questa \u00e8 la prima Quaresima del nostro secolo: ci trovi nel cammino di conversione di rinnovamento del cuore perch\u00e9 possiamo accompagnare il Signore fino alla Pasqua. Assieme a tutti voi sento il dovere di esprimere la mia profonda gratitudine al Papa Giovanni Paolo II che mi ha chiamato a reggere questa chiesa, e un saluto deferente al vescovo mons. Franco Gualdrini che per tanti anni l&#8217;ha servita con amore. Il Signore faccia scendere la sua benedizione su tutti noi, su questa amata diocesi e la estenda su tutti i suoi abitanti.<\/p>\n","protected":false},"excerpt":{"rendered":"<p>Carissime sorelle , carissimi fratelli; cari abitanti della diocesi di Terni, Narni, Amelia,desidero farvi giungere subito il mio pi\u00f9 caro saluto. Vorrei che questo saluto giungesse alla porta di ogni casa e di ogni cuore; a voi cari sacerdoti, religiosi e religiose, a voi mamme e pap\u00e0, a voi ragazzi, giovani, anziani; a tutti, in [&hellip;]<\/p>\n","protected":false},"author":2,"featured_media":15604,"comment_status":"closed","ping_status":"closed","sticky":false,"template":"","format":"standard","meta":{"footnotes":""},"categories":[3],"tags":[],"class_list":["post-15603","post","type-post","status-publish","format-standard","has-post-thumbnail","hentry","category-interventi"],"jetpack_featured_media_url":"https:\/\/www.vincenzopaglia.it\/wp-content\/uploads\/2009\/10\/STEMMADIOCESI_2_21.jpg","_links":{"self":[{"href":"https:\/\/www.vincenzopaglia.it\/index.php\/wp-json\/wp\/v2\/posts\/15603","targetHints":{"allow":["GET"]}}],"collection":[{"href":"https:\/\/www.vincenzopaglia.it\/index.php\/wp-json\/wp\/v2\/posts"}],"about":[{"href":"https:\/\/www.vincenzopaglia.it\/index.php\/wp-json\/wp\/v2\/types\/post"}],"author":[{"embeddable":true,"href":"https:\/\/www.vincenzopaglia.it\/index.php\/wp-json\/wp\/v2\/users\/2"}],"replies":[{"embeddable":true,"href":"https:\/\/www.vincenzopaglia.it\/index.php\/wp-json\/wp\/v2\/comments?post=15603"}],"version-history":[{"count":0,"href":"https:\/\/www.vincenzopaglia.it\/index.php\/wp-json\/wp\/v2\/posts\/15603\/revisions"}],"wp:featuredmedia":[{"embeddable":true,"href":"https:\/\/www.vincenzopaglia.it\/index.php\/wp-json\/wp\/v2\/media\/15604"}],"wp:attachment":[{"href":"https:\/\/www.vincenzopaglia.it\/index.php\/wp-json\/wp\/v2\/media?parent=15603"}],"wp:term":[{"taxonomy":"category","embeddable":true,"href":"https:\/\/www.vincenzopaglia.it\/index.php\/wp-json\/wp\/v2\/categories?post=15603"},{"taxonomy":"post_tag","embeddable":true,"href":"https:\/\/www.vincenzopaglia.it\/index.php\/wp-json\/wp\/v2\/tags?post=15603"}],"curies":[{"name":"wp","href":"https:\/\/api.w.org\/{rel}","templated":true}]}}