{"id":15584,"date":"2002-01-01T00:00:00","date_gmt":"2002-01-01T00:00:00","guid":{"rendered":"http:\/\/www.vincenzopaglia.it\/cms\/index.php\/messaggio-di-pace-2002.html"},"modified":"2013-05-10T23:48:37","modified_gmt":"2013-05-10T21:48:37","slug":"messaggio-di-pace-2002","status":"publish","type":"post","link":"https:\/\/www.vincenzopaglia.it\/index.php\/messaggio-di-pace-2002.html","title":{"rendered":"Messaggio di pace 2002"},"content":{"rendered":"<p><P>La &#8220;Giornata Mondiale della Pace&#8221;, quest&#8217;anno, viene celebrata sullo sfondo dei tragici attentati dell&#8217;11 settembre negli Stati Uniti d&#8217;America. Abbiamo visto all&#8217;opera il &#8220;mysterium iniquitatis&#8221;, scrive Woitjla, nel suo messaggio ai capi delle nazioni. Tutti, in verit\u00e0, siamo rimasti colpiti, traumatizzati da questa immane tragedia. E un senso di paura, di fragilit\u00e0 e di instabilit\u00e0 sta traversando il cuore degli uomini e delle donne del pianeta. Nessuno ne \u00e8 esente. C&#8217;\u00e8 come un bisogno quasi fisico di sicurezza e di protezione. La folla che ha assiepato le chiese nella notte di Natale, mai cos\u00ec numerosa come quest&#8217;anno, \u00e8 solo un segno di questo pressante bisogno. <\/P><br \/>\n<P>Ci sono state, e ci sono, letture politiche, culturali, psicologiche, e cos\u00ec oltre, di quanto sta accadendo. Ma c&#8217;\u00e8 anche una lettura &#8220;spirituale&#8221; che va, a mio avviso, quantomeno ricordata. Ed \u00e8 quella che il Papa propone nel suo messaggio di pace per l&#8217;uno gennaio 2002. Non \u00e8 immediatamente una proposta politica. E&#8217; per\u00f2 una riflessione che tocca profondamente i cuori degli uomini e, di conseguenza, anche le loro scelte, comprese quelle della politica. Il Papa, richiamandosi alla antica sapienza biblica, afferma anzitutto che la pace \u00e8 opera della giustizia: &#8220;opus iustitiae, pax&#8221;, scriveva Isaia (32, 17). <\/P><br \/>\n<P>La vera pace \u00e8 frutto della giustizia, virt\u00f9 morale e garanzia legale che vigila sul pieno rispetto di diritti e doveri e sulla equa distribuzione di benefici e oneri. E questo va affermato con grande coraggio: si pu\u00f2 e si deve parlare di giustizia. Ma il Papa subito aggiunge che, vista la fragilit\u00e0 e l&#8217;imperfezione della giustizia umana, essa va &#8220;esercitata e in certo senso completata con il perdono che risana la ferite e ristabilisce in profondit\u00e0 i rapporti umani turbati&#8221;. E&#8217; fuorviante contrapporre l&#8217;uno all&#8217;altra. Il perdono, infatti, non si oppone alla giustizia bens\u00ec al rancore e alla vendetta. Giustizia e perdono, al contrario, sono i due pilastri essenziali al ristabilimento di una pace duratura. Ovviamente nulla hanno a che fare con il terrorismo, il quale va semplicemente estirpato, perch\u00e9 rappresenta &#8220;un vero crimine contro l&#8217;umanit\u00e0&#8221;. <\/P><br \/>\n<P>E, per evitare anche il minimo degli equivoci, aggiunge il Papa: &#8220;nessun responsabile delle religioni pu\u00f2 avanzare indulgenza verso il terrorismo e, ancor meno, lo pu\u00f2 predicare&#8221;. Il terrorismo \u00e8 una profanazione del nome di Dio. Il perdono, invece, questo s\u00ec, si collega direttamente al nome di Dio. E per questo rappresenta una via alta e ardua, che va diritta al rinnovamento sia dei cuori delle persone che delle relazioni tra i popoli. Senza la via del perdono, alcuni conflitti (penso a quello in Terra Santa), che da troppo tempo alimentano odi profondi e laceranti, resteranno preda di una spirale inarrestabile di tragedie personali e collettive. L&#8217;esperienza ci dice che facile e scontata \u00e8 la vendetta, mentre alto e benefico \u00e8 il perdono (che non significa affatto tolleranza del male!). Se tutti sono chiamati all&#8217;audacia del perdono, i responsabili delle religioni hanno in questo campo una specifica responsabilit\u00e0. Ad essi \u00e8 chiesto di collaborare tra loro per eliminare le cause sociali e culturali del terrorismo, di promuovere la giustizia tra i popoli, di insegnare l&#8217;unit\u00e0 della famiglia umana e di praticare una pedagogia del perdono.<\/P><br \/>\n<P>La preghiera &#8211; quella ad Assisi del 24 gennaio, a cui Giovanni Paolo II ha convocato i leaders religiosi &#8211; \u00e8 l&#8217;orizzonte in cui questo impegno si muove. Pregare per la pace, infatti, significa gi\u00e0 operare per la giustizia e per la crescita del perdono. Tutti, grandi e piccoli, possiamo essere &#8211; secondo l&#8217;espressione attribuita a Francesco d&#8217;Assisi &#8211; &#8220;strumenti della sua pace&#8221;.<BR>Vincenzo Paglia <BR>&nbsp;<BR>&nbsp;<\/P><\/p>\n","protected":false},"excerpt":{"rendered":"<p>La &#8220;Giornata Mondiale della Pace&#8221;, quest&#8217;anno, viene celebrata sullo sfondo dei tragici attentati dell&#8217;11 settembre negli Stati Uniti d&#8217;America. Abbiamo visto all&#8217;opera il &#8220;mysterium iniquitatis&#8221;, scrive Woitjla, nel suo messaggio ai capi delle nazioni. Tutti, in verit\u00e0, siamo rimasti colpiti, traumatizzati da questa immane tragedia. E un senso di paura, di fragilit\u00e0 e di instabilit\u00e0 [&hellip;]<\/p>\n","protected":false},"author":2,"featured_media":27566,"comment_status":"closed","ping_status":"closed","sticky":false,"template":"","format":"standard","meta":{"footnotes":""},"categories":[3],"tags":[],"class_list":["post-15584","post","type-post","status-publish","format-standard","has-post-thumbnail","hentry","category-interventi"],"jetpack_featured_media_url":"https:\/\/www.vincenzopaglia.it\/wp-content\/uploads\/2026\/04\/default.jpg","_links":{"self":[{"href":"https:\/\/www.vincenzopaglia.it\/index.php\/wp-json\/wp\/v2\/posts\/15584","targetHints":{"allow":["GET"]}}],"collection":[{"href":"https:\/\/www.vincenzopaglia.it\/index.php\/wp-json\/wp\/v2\/posts"}],"about":[{"href":"https:\/\/www.vincenzopaglia.it\/index.php\/wp-json\/wp\/v2\/types\/post"}],"author":[{"embeddable":true,"href":"https:\/\/www.vincenzopaglia.it\/index.php\/wp-json\/wp\/v2\/users\/2"}],"replies":[{"embeddable":true,"href":"https:\/\/www.vincenzopaglia.it\/index.php\/wp-json\/wp\/v2\/comments?post=15584"}],"version-history":[{"count":0,"href":"https:\/\/www.vincenzopaglia.it\/index.php\/wp-json\/wp\/v2\/posts\/15584\/revisions"}],"wp:featuredmedia":[{"embeddable":true,"href":"https:\/\/www.vincenzopaglia.it\/index.php\/wp-json\/wp\/v2\/media\/27566"}],"wp:attachment":[{"href":"https:\/\/www.vincenzopaglia.it\/index.php\/wp-json\/wp\/v2\/media?parent=15584"}],"wp:term":[{"taxonomy":"category","embeddable":true,"href":"https:\/\/www.vincenzopaglia.it\/index.php\/wp-json\/wp\/v2\/categories?post=15584"},{"taxonomy":"post_tag","embeddable":true,"href":"https:\/\/www.vincenzopaglia.it\/index.php\/wp-json\/wp\/v2\/tags?post=15584"}],"curies":[{"name":"wp","href":"https:\/\/api.w.org\/{rel}","templated":true}]}}