{"id":15569,"date":"2002-05-27T00:00:00","date_gmt":"2002-05-26T22:00:00","guid":{"rendered":"http:\/\/www.vincenzopaglia.it\/cms\/index.php\/intervista-del-corriere-della-sera.html"},"modified":"2013-07-18T17:19:05","modified_gmt":"2013-07-18T15:19:05","slug":"intervista-del-corriere-della-sera","status":"publish","type":"post","link":"https:\/\/www.vincenzopaglia.it\/index.php\/intervista-del-corriere-della-sera.html","title":{"rendered":"\u201cIl Papa contesta una societ\u00e0 che emargina i pi\u00f9 deboli\u201d"},"content":{"rendered":"<p>di <strong>Elvira Serra<\/strong><\/p>\n<p><strong>Quale messaggio arriva a monsignorVincenzo Paglia, vescovo di Terni Narni Amelia e per vent\u2019anni assistente ecclesiastico della Comunit\u00e0 di Sant\u2019Egidio, da un pontefice curvo eppure ostinato nella sua missione apostolica?<\/strong><\/p>\n<p>\u201cGiovanni Paolo II \u00e8 l\u2019esempio del buon pastore che d\u00e0 la vita fino all\u2019ultimo per le sue pecore e nessun ostacolo, neppure la malattia, lo ferma in questa sua passione. Non c\u2019\u00e8 dubbio che questo vecchio vescovo sia un ideale per i giovani vescovi dell\u2019inizio del nuovo millennio\u201d<\/p>\n<p><strong>Quale messaggio, invece, secondo lei arriva alle altre persone?<\/strong><\/p>\n<p>\u201cLa testimonianza di questo vecchio, che secondo i canoni ordinari deve essere messo da parte, come accade con gli anziani e i malati, contesta la convinzione che a contare siano la forza fisica e il vigore organizzativo. La sua \u00e8 una contestazione profonda di una societ\u00e0 che emargina chi \u00e8 debole, chi non produce, chi non \u00e8 efficiente\u201d.<\/p>\n<p><strong>La preoccupa vedere il Papa stanco?<\/strong><\/p>\n<p>\u201cNaturalmente. Per\u00f2 la debolezza e l\u2019anzianit\u00e0 del Papa, unite alla sua sofferenza, ne fanno giganteggiare l\u2019altezza spirituale e la profondit\u00e0 del messaggio. Tra tutti i capi di governo \u00e8 il pi\u00f9 debole, e appare il pi\u00f9 forte: in questo \u00e8 l\u2019espressione pi\u00f9 alta del cristiano\u201d.<br \/>\ndal <strong>Corriere della Sera<\/strong> &#8211; maggio 2002<\/p>\n","protected":false},"excerpt":{"rendered":"<p>di Elvira Serra Quale messaggio arriva a monsignorVincenzo Paglia, vescovo di Terni Narni Amelia e per vent\u2019anni assistente ecclesiastico della Comunit\u00e0 di Sant\u2019Egidio, da un pontefice curvo eppure ostinato nella sua missione apostolica? \u201cGiovanni Paolo II \u00e8 l\u2019esempio del buon pastore che d\u00e0 la vita fino all\u2019ultimo per le sue pecore e nessun ostacolo, neppure [&hellip;]<\/p>\n","protected":false},"author":2,"featured_media":17740,"comment_status":"closed","ping_status":"closed","sticky":false,"template":"","format":"standard","meta":{"footnotes":""},"categories":[11],"tags":[],"class_list":["post-15569","post","type-post","status-publish","format-standard","has-post-thumbnail","hentry","category-interviste"],"jetpack_featured_media_url":"https:\/\/www.vincenzopaglia.it\/wp-content\/uploads\/2002\/05\/Giovanni-Paolo-II-le-ultime-toccanti-foto_ahorigb.jpg","_links":{"self":[{"href":"https:\/\/www.vincenzopaglia.it\/index.php\/wp-json\/wp\/v2\/posts\/15569","targetHints":{"allow":["GET"]}}],"collection":[{"href":"https:\/\/www.vincenzopaglia.it\/index.php\/wp-json\/wp\/v2\/posts"}],"about":[{"href":"https:\/\/www.vincenzopaglia.it\/index.php\/wp-json\/wp\/v2\/types\/post"}],"author":[{"embeddable":true,"href":"https:\/\/www.vincenzopaglia.it\/index.php\/wp-json\/wp\/v2\/users\/2"}],"replies":[{"embeddable":true,"href":"https:\/\/www.vincenzopaglia.it\/index.php\/wp-json\/wp\/v2\/comments?post=15569"}],"version-history":[{"count":0,"href":"https:\/\/www.vincenzopaglia.it\/index.php\/wp-json\/wp\/v2\/posts\/15569\/revisions"}],"wp:featuredmedia":[{"embeddable":true,"href":"https:\/\/www.vincenzopaglia.it\/index.php\/wp-json\/wp\/v2\/media\/17740"}],"wp:attachment":[{"href":"https:\/\/www.vincenzopaglia.it\/index.php\/wp-json\/wp\/v2\/media?parent=15569"}],"wp:term":[{"taxonomy":"category","embeddable":true,"href":"https:\/\/www.vincenzopaglia.it\/index.php\/wp-json\/wp\/v2\/categories?post=15569"},{"taxonomy":"post_tag","embeddable":true,"href":"https:\/\/www.vincenzopaglia.it\/index.php\/wp-json\/wp\/v2\/tags?post=15569"}],"curies":[{"name":"wp","href":"https:\/\/api.w.org\/{rel}","templated":true}]}}